{"id":1026,"date":"2024-10-21T06:52:42","date_gmt":"2024-10-21T04:52:42","guid":{"rendered":"https:\/\/www.strassenweb.de\/nachrichten\/laut-innenarchitekten-sind-dies-die-besten-lackfarben-fuer-die-kombination-mit-holzboeden\/"},"modified":"2024-10-21T06:52:43","modified_gmt":"2024-10-21T04:52:43","slug":"laut-innenarchitekten-sind-dies-die-besten-lackfarben-fuer-die-kombination-mit-holzboeden","status":"publish","type":"post","link":"https:\/\/www.strassenweb.de\/nachrichten\/laut-innenarchitekten-sind-dies-die-besten-lackfarben-fuer-die-kombination-mit-holzboeden\/","title":{"rendered":"Laut Innenarchitekten sind dies die besten Lackfarben f\u00fcr die Kombination mit Holzb\u00f6den"},"content":{"rendered":"<p><\/p>\n<div id=\"article-body\" class=\"article__body \">\n<p>Bei der Entscheidung f\u00fcr ein Farbschema f\u00fcr einen Raum gibt es viele Dinge zu ber\u00fccksichtigen, aber einer der wichtigsten ist, wie gut die Farben zum Bodenbelag des Raums passen. Wenn Ihr Zimmer \u00fcber einen Holzboden verf\u00fcgt, einer der beliebtesten und zeitlosesten Optionen, sollten Sie dessen Farbton als Grundlage f\u00fcr die Wandfarben verwenden, um ein zusammenh\u00e4ngendes Gesamtbild zu erzielen.<\/p>\n<div id=\"ad-unit-1\" class=\"ad-unit\"><\/div>\n<p>Das ist jedoch oft einfacher, als es sich anh\u00f6rt, und Sie fragen sich m\u00f6glicherweise, wo Sie mit der Beherrschung Ihrer Farbauswahl und Malideen beginnen sollen. Um Ihnen die richtige Richtung zu geben, haben wir mit einer Reihe von Innenarchitekten gesprochen, die ihr Fachwissen \u00fcber die besten Lackfarben f\u00fcr die Kombination mit Holzb\u00f6den geteilt haben, die wir hier erkunden.<\/p>\n<aside class=\"hawk-nest\" data-block-type=\"embed\" data-render-type=\"fte\" data-skip=\"dealsy\" data-widget-type=\"seasonal\">\n<div class=\"hawk-master-widget-hawk-base-wrapper\"><\/div>\n<\/aside>\n<p>Ob Ihr Holzboden hell oder dunkel ist; Ob warm oder k\u00fchl, die folgenden Ideen geben Ihnen Hinweise, um sicherzustellen, dass Ihre Raumfarbvorstellungen gut ausbalanciert sind.<\/p>\n<div id=\"desktop-in-article\" class=\"in-article ad-unit\">\n<div id=\"desktop-taboola-mid-article\"><\/div>\n<\/div>\n<div id=\"mobile-in-article\" class=\"in-article ad-unit\">\n<div id=\"mobile-taboola-mid-article\"><\/div>\n<\/div>\n<h2 id=\"the-best-paint-colors-to-pair-with-wooden-flooring-3\">  Die besten Lackfarben zur Kombination mit Holzb\u00f6den<\/h2>\n<figure class=\"van-image-figure inline-layout \" data-bordeaux-image-check>\n<div class=\"image-full-width-wrapper\">\n<div class=\"image-widthsetter\" style=\"max-width:2000px;\"><\/div>\n<\/div>\n<\/figure>\n<p>Bei der Auswahl der richtigen Lackfarben zur optimalen Erg\u00e4nzung von Holzb\u00f6den sind viele Aspekte zu ber\u00fccksichtigen. Von der Art und Weise, wie Licht mit dem Holz interagiert, bis hin zu seinen Untert\u00f6nen \u2013 Innenarchitektin Erica McLain, Gr\u00fcnderin von McLain by Design Interiors, teilt im Folgenden einige der wichtigsten zu ber\u00fccksichtigenden Elemente: <u><strong><\/strong><\/u><\/p>\n<div class=\"van_vid_carousel\">\n<div class=\"van_vid_carousel__padding\">\n<div class=\"van_vid_carousel__container\"><\/div>\n<\/div>\n<\/div>\n<p>\u201eBei der Auswahl der Farben f\u00fcr R\u00e4ume mit Holzb\u00f6den muss unbedingt ber\u00fccksichtigt werden, wie das nat\u00fcrliche Licht im Laufe des Tages mit den Untert\u00f6nen des Holzes interagiert und wie der Raum genutzt werden soll\u201c, beginnt Erica. \u201eHolzb\u00f6den k\u00f6nnen von warmen Honigt\u00f6nen bis hin zu k\u00fchlen Graut\u00f6nen reichen, und die Auswahl der richtigen Lackfarbe kann diese nat\u00fcrlichen Farbt\u00f6ne entweder verst\u00e4rken oder ausgleichen.\u201c<\/p>\n<div id=\"ad-unit-2\" class=\"ad-unit\"><\/div>\n<p>\u201e\u00dcber die \u00c4sthetik hinaus ber\u00fccksichtige ich bei der Auswahl von Farben immer die Prinzipien der Neuro\u00e4sthetik, da diese einen erheblichen Einfluss darauf haben k\u00f6nnen, wie wir uns in einem Raum f\u00fchlen. Die richtigen Farbt\u00f6ne k\u00f6nnen die Stimmung heben, Stress reduzieren und sogar die kognitiven Funktionen verbessern. Beispielsweise wirken Blau- und Gr\u00fcnt\u00f6ne eher beruhigend und konzentrationsf\u00f6rdernd, weshalb sie sich ideal f\u00fcr ein Heimb\u00fcro oder einen ruhigen R\u00fcckzugsort eignen. Warme, neutrale T\u00f6ne k\u00f6nnen ein Gef\u00fchl von Komfort und Sicherheit hervorrufen und eignen sich perfekt f\u00fcr Wohnbereiche, in denen Verbindung und Entspannung im Vordergrund stehen.<\/p>\n<p>\u201eLetztendlich besteht das Ziel darin, Farben auszuw\u00e4hlen, die nicht nur die nat\u00fcrliche Sch\u00f6nheit des Holzes hervorheben, sondern auch eine Umgebung schaffen, die das gew\u00fcnschte Gef\u00fchl und Funktionieren im Raum unterst\u00fctzt. \u201eJeder Raum hat eine einzigartige Geschichte und Farbe ist eines der wichtigsten Werkzeuge, mit denen wir sie erz\u00e4hlen k\u00f6nnen\u201c, sagt Erica.<\/p>\n<h3 class=\"article-body__section\" id=\"section-light-neutrals-for-open-spaces\"><span>Neutrale Lichtt\u00f6ne f\u00fcr offene R\u00e4ume<\/span><\/h3>\n<figure class=\"van-image-figure inline-layout \" data-bordeaux-image-check>\n<div class=\"image-full-width-wrapper\">\n<div class=\"image-widthsetter\" style=\"max-width:2000px;\"><\/div>\n<\/div>\n<\/figure>\n<p>Wenn in Ihrem Haus durchgehend Holzb\u00f6den verlegt sind und der Grundriss Ihres Hauses eine \u201eoffene\u201c Atmosph\u00e4re vermittelt, d.<\/p>\n<p>\u201eWenn das Haus sehr offen ist, w\u00e4hle ich normalerweise eine hellere Wand, die von Raum zu Raum variiert\u201c, sagt Innenarchitekt Gray Walker von Gray Walker Interiors.<\/p>\n<p>W\u00e4hrend neutrale Farbt\u00f6ne mit starken Untert\u00f6nen als zu warm oder zu k\u00fchl empfunden werden k\u00f6nnen, sind ausgewogene gebrochene Wei\u00dft\u00f6ne in diesen R\u00e4umen eine gute Wahl. \u201eEin beliebter Neutralton, der nicht zu grau oder zu cremefarben ist, ist Seapearl von Benjamin Moore\u201c, f\u00fcgt Gray hinzu. \u201eEs ist ein frisches und modernes Wei\u00df, das gut mit vielen Holzbeizen harmoniert.\u201c<\/p>\n<h3 class=\"article-body__section\" id=\"section-earth-tones-to-complement-warm-wood\"><span>Erdt\u00f6ne als Erg\u00e4nzung zu warmem Holz<\/span><\/h3>\n<figure class=\"van-image-figure inline-layout \" data-bordeaux-image-check>\n<div class=\"image-full-width-wrapper\">\n<div class=\"image-widthsetter\" style=\"max-width:2000px;\"><\/div>\n<\/div>\n<\/figure>\n<p>Wenn Ihr Holzboden einen warmen Farbton hat, k\u00f6nnen erdige Farben eine gute M\u00f6glichkeit sein, das Farbschema zusammenzufassen, insbesondere wenn Sie einen gem\u00fctlicheren Look anstreben.<\/p>\n<p>\u201eWenn der Bodenbelag w\u00e4rmere, goldene Untert\u00f6ne hat, tendiere ich oft zu erdigen T\u00f6nen wie sanftem Taupe, ged\u00e4mpften Gr\u00fcnt\u00f6nen oder sogar sattem Terrakotta\u201c, erkl\u00e4rt<strong> <\/strong>Erica McLain. \u201eDiese Farben erden den Raum und erg\u00e4nzen gleichzeitig die W\u00e4rme des Holzes, wodurch eine gem\u00fctliche und harmonische Umgebung entsteht.\u201c<\/p>\n<p>Der gleiche Ansatz l\u00e4sst sich auch auf k\u00fchle Holzt\u00f6ne anwenden, wobei k\u00fchlere Farbt\u00f6ne wie Blau oder sogar k\u00fchlere Wei\u00dft\u00f6ne den Bodenbelag erg\u00e4nzen: \u201eK\u00fchlere Holzt\u00f6ne passen hingegen wunderbar zu ruhigen Blaut\u00f6nen, klaren Wei\u00dft\u00f6nen oder hellen Graut\u00f6nen. \u201eEs ruft ein Gef\u00fchl von Ruhe und Eleganz hervor\u201c, f\u00fcgt Erica hinzu.<\/p>\n<h3 class=\"article-body__section\" id=\"section-mix-and-match-warm-and-cool-tones\"><span>Kombinieren Sie warme und k\u00fchle T\u00f6ne<\/span><\/h3>\n<figure class=\"van-image-figure inline-layout \" data-bordeaux-image-check>\n<div class=\"image-full-width-wrapper\">\n<div class=\"image-widthsetter\" style=\"max-width:2000px;\"><\/div>\n<\/div>\n<\/figure>\n<p>Anstatt warme Lackfarben mit warmem Holz und k\u00fchlere Farben mit k\u00fchl get\u00f6ntem Holz zu kombinieren, kann ein Mix-and-Match-Ansatz genauso gut funktionieren und so einen eher unerwarteten Look erzeugen. <u><strong><\/strong><\/u><\/p>\n<p>\u201eIch spiele gerne mit dem Zusammenspiel zwischen den k\u00fchlen und warmen Holzt\u00f6nen und verwende Lackfarben, um einen auff\u00e4lligen Kontrast oder eine Harmonie zu schaffen\u201c, erkl\u00e4rt die Designerin von Orange County, Olga Doykhen. \u201eZum Beispiel kann ein warmes Beige einen satten Walnussboden erg\u00e4nzen, w\u00e4hrend ein weiches, k\u00fchles Grau einen helleren, honigfarbenen Bodenbelag hervorheben kann.\u201c \u201eDiese Gegen\u00fcberstellung verleiht dem Raum Tiefe und Charakter.\u201c<\/p>\n<h3 class=\"article-body__section\" id=\"section-use-green-for-a-calming-scheme\"><span>Verwenden Sie Gr\u00fcn f\u00fcr eine beruhigende Wirkung<\/span><\/h3>\n<figure class=\"van-image-figure inline-layout \" data-bordeaux-image-check>\n<div class=\"image-full-width-wrapper\">\n<div class=\"image-widthsetter\" style=\"max-width:2000px;\"><\/div>\n<\/div>\n<\/figure>\n<p>Wenn Sie auf der Suche nach einer sicheren Farbe f\u00fcr die Kombination mit Holzb\u00f6den sind und auf helle Neutralt\u00f6ne wie Wei\u00df oder Beige verzichten m\u00f6chten, sollten Sie die Dekoration mit Gr\u00fcn in Betracht ziehen. <u><strong><\/strong><\/u><\/p>\n<p>\u201eHolzb\u00f6den neigen dazu, einem Raum viel W\u00e4rme zu verleihen, daher lieben wir es, Farben mit k\u00fchleren T\u00f6nen zu integrieren, die einen Kontrast zu dieser W\u00e4rme schaffen und f\u00fcr Ausgewogenheit im Design sorgen\u201c, sagt Miranda Cullen, Chefdesignerin und Gr\u00fcnderin von Inside Stories.<\/p>\n<p>\u201eZwei unserer Favoriten sind erdige Gr\u00fcnt\u00f6ne wie Olive und Salbei\u201c, f\u00fcgt Miranda hinzu. \u201eGr\u00fcnt\u00f6ne bringen die organische Natur des Holzes zur Geltung und sorgen f\u00fcr ein ruhiges und nat\u00fcrliches Gef\u00fchl im Raum.\u201c Sie erg\u00e4nzen sowohl helles als auch dunkles Holz und verschmelzen die Elemente des Raums harmonisch, indem sie einen warmen und k\u00fchlen Kontrast schaffen.\u201c<\/p>\n<p>Es gibt viele gr\u00fcne Farben zur Auswahl, je nachdem, wie hell oder dunkel Sie es w\u00fcnschen, aber Farbt\u00f6ne wie Vert De Terre von Farrow &#038; Ball sind ein guter Allrounder.<\/p>\n<h3 class=\"article-body__section\" id=\"section-choose-rich-warming-shades-with-light-wood\"><span>W\u00e4hlen Sie satte, w\u00e4rmende Farbt\u00f6ne mit hellem Holz<\/span><\/h3>\n<figure class=\"van-image-figure inline-layout \" data-bordeaux-image-check>\n<div class=\"image-full-width-wrapper\">\n<div class=\"image-widthsetter\" style=\"max-width:2000px;\"><\/div>\n<\/div>\n<\/figure>\n<p>Wenn Ihr Holzboden in einem hellen Farbton gehalten ist, k\u00f6nnen kr\u00e4ftigere Farben eine gute M\u00f6glichkeit sein, dem Raum Tiefe zu verleihen und daf\u00fcr zu sorgen, dass das Farbschema nicht zu hell und blass wirkt. <u><strong><\/strong><\/u><\/p>\n<p>\u201eWorauf wir am meisten achten, ist der Ton des Holzes.\u201c<strong> <\/strong>erkl\u00e4rt Diane Rath, Gr\u00fcnderin und Chefdesignerin von The Rath Project. \u201eHellere, blonde Eichen passen hervorragend zu Pflaumen, Rotweinen, Himbeeren und Mandarinen.\u201c<\/p>\n<p>\u201eDunklere, w\u00e4rmere H\u00f6lzer \u2013 Kiefern, Kirschen und Hickory \u2013 mit tieferen, dunkleren Untert\u00f6nen passen gut zu k\u00fchleren Farben wie Gr\u00fcn und Blau\u201c, f\u00fcgt Diane hinzu. \u201eWenn Sie sich nicht sicher sind, welche Farben zu Ihren B\u00f6den passen, werfen Sie einfach einen Blick auf die Lektionen zur Farbtheorie.\u201c \u201eKomplement\u00e4rt\u00f6ne sind solche, die im Farbkreis einander gegen\u00fcberstehen.\u201c<\/p>\n<hr>\n<p>Bei der Auswahl der besten Lackfarbe f\u00fcr Holzb\u00f6den gibt es viele Dinge zu ber\u00fccksichtigen, von der gew\u00fcnschten W\u00e4rmestufe bis hin zum gew\u00fcnschten Kontrast. Bevor Sie sich f\u00fcr eine Farbe entscheiden, sollten Sie sie zun\u00e4chst testen, um zu sehen, wie die Farbe zu verschiedenen Tageszeiten aussieht, wenn sich das nat\u00fcrliche Licht \u00e4ndert.<\/p>\n<\/div>\n","protected":false},"excerpt":{"rendered":"<p>Bei der Entscheidung f\u00fcr ein Farbschema f\u00fcr einen Raum gibt es viele Dinge zu ber\u00fccksichtigen, aber einer der wichtigsten ist, wie gut die Farben zum<\/p>\n","protected":false},"author":1,"featured_media":1027,"comment_status":"closed","ping_status":"","sticky":false,"template":"","format":"standard","meta":{"footnotes":""},"categories":[118],"tags":[484,9,503,55,1996,717,1791,1995,329,146,58],"class_list":["post-1026","post","type-post","status-publish","format-standard","has-post-thumbnail","hentry","category-haus-garten","tag-besten","tag-die","tag-dies","tag-fuer","tag-holzboeden","tag-innenarchitekten","tag-kombination","tag-lackfarben","tag-laut","tag-mit","tag-sind","generate-columns","tablet-grid-50","mobile-grid-100","grid-parent","grid-50"],"yoast_head":"<!-- This site is optimized with the Yoast SEO plugin v27.3 - https:\/\/yoast.com\/product\/yoast-seo-wordpress\/ -->\n<title>Laut Innenarchitekten sind dies die besten Lackfarben f\u00fcr die Kombination mit Holzb\u00f6den - Nachrichten - Stra\u00dfenweb<\/title>\n<meta name=\"robots\" content=\"index, follow, max-snippet:-1, max-image-preview:large, max-video-preview:-1\" \/>\n<link rel=\"canonical\" href=\"https:\/\/www.strassenweb.de\/nachrichten\/laut-innenarchitekten-sind-dies-die-besten-lackfarben-fuer-die-kombination-mit-holzboeden\/\" \/>\n<meta property=\"og:locale\" content=\"de_DE\" \/>\n<meta property=\"og:type\" content=\"article\" \/>\n<meta property=\"og:title\" content=\"Laut Innenarchitekten sind dies die besten Lackfarben f\u00fcr die Kombination mit Holzb\u00f6den - Nachrichten - Stra\u00dfenweb\" \/>\n<meta property=\"og:description\" content=\"Bei der Entscheidung f\u00fcr ein Farbschema f\u00fcr einen Raum gibt es viele Dinge zu ber\u00fccksichtigen, aber einer der wichtigsten ist, wie gut die Farben zum\" \/>\n<meta property=\"og:url\" content=\"https:\/\/www.strassenweb.de\/nachrichten\/laut-innenarchitekten-sind-dies-die-besten-lackfarben-fuer-die-kombination-mit-holzboeden\/\" \/>\n<meta property=\"og:site_name\" content=\"Stra\u00dfenweb\" \/>\n<meta property=\"article:publisher\" content=\"https:\/\/www.facebook.com\/strassenweb\/\" \/>\n<meta property=\"article:published_time\" content=\"2024-10-21T04:52:42+00:00\" \/>\n<meta property=\"article:modified_time\" content=\"2024-10-21T04:52:43+00:00\" \/>\n<meta property=\"og:image\" content=\"https:\/\/www.strassenweb.de\/nachrichten\/wp-content\/uploads\/2024\/10\/Laut-Innenarchitekten-sind-dies-die-besten-Lackfarben-fuer-die-Kombination.jpg\" \/>\n\t<meta property=\"og:image:width\" content=\"1200\" \/>\n\t<meta property=\"og:image:height\" content=\"675\" \/>\n\t<meta property=\"og:image:type\" content=\"image\/jpeg\" \/>\n<meta name=\"author\" content=\"Robert Hoffmann\" \/>\n<meta name=\"twitter:card\" content=\"summary_large_image\" \/>\n<meta name=\"twitter:label1\" content=\"Verfasst von\" \/>\n\t<meta name=\"twitter:data1\" content=\"Robert Hoffmann\" \/>\n\t<meta name=\"twitter:label2\" content=\"Gesch\u00e4tzte Lesezeit\" \/>\n\t<meta name=\"twitter:data2\" content=\"6\u00a0Minuten\" \/>\n<script type=\"application\/ld+json\" class=\"yoast-schema-graph\">{\"@context\":\"https:\\\/\\\/schema.org\",\"@graph\":[{\"@type\":\"Article\",\"@id\":\"https:\\\/\\\/www.strassenweb.de\\\/nachrichten\\\/laut-innenarchitekten-sind-dies-die-besten-lackfarben-fuer-die-kombination-mit-holzboeden\\\/#article\",\"isPartOf\":{\"@id\":\"https:\\\/\\\/www.strassenweb.de\\\/nachrichten\\\/laut-innenarchitekten-sind-dies-die-besten-lackfarben-fuer-die-kombination-mit-holzboeden\\\/\"},\"author\":{\"name\":\"Robert Hoffmann\",\"@id\":\"https:\\\/\\\/www.strassenweb.de\\\/nachrichten\\\/#\\\/schema\\\/person\\\/87c9c9067f1211da429a744dc5a5aa41\"},\"headline\":\"Laut Innenarchitekten sind dies die besten Lackfarben f\u00fcr die Kombination mit Holzb\u00f6den\",\"datePublished\":\"2024-10-21T04:52:42+00:00\",\"dateModified\":\"2024-10-21T04:52:43+00:00\",\"mainEntityOfPage\":{\"@id\":\"https:\\\/\\\/www.strassenweb.de\\\/nachrichten\\\/laut-innenarchitekten-sind-dies-die-besten-lackfarben-fuer-die-kombination-mit-holzboeden\\\/\"},\"wordCount\":1252,\"publisher\":{\"@id\":\"https:\\\/\\\/www.strassenweb.de\\\/nachrichten\\\/#organization\"},\"image\":{\"@id\":\"https:\\\/\\\/www.strassenweb.de\\\/nachrichten\\\/laut-innenarchitekten-sind-dies-die-besten-lackfarben-fuer-die-kombination-mit-holzboeden\\\/#primaryimage\"},\"thumbnailUrl\":\"https:\\\/\\\/www.strassenweb.de\\\/nachrichten\\\/wp-content\\\/uploads\\\/2024\\\/10\\\/Laut-Innenarchitekten-sind-dies-die-besten-Lackfarben-fuer-die-Kombination.jpg\",\"keywords\":[\"besten\",\"die\",\"dies\",\"f\u00fcr\",\"Holzb\u00f6den\",\"Innenarchitekten\",\"Kombination\",\"Lackfarben\",\"laut\",\"mit\",\"sind\"],\"articleSection\":[\"Haus &amp; Garten\"],\"inLanguage\":\"de\"},{\"@type\":\"WebPage\",\"@id\":\"https:\\\/\\\/www.strassenweb.de\\\/nachrichten\\\/laut-innenarchitekten-sind-dies-die-besten-lackfarben-fuer-die-kombination-mit-holzboeden\\\/\",\"url\":\"https:\\\/\\\/www.strassenweb.de\\\/nachrichten\\\/laut-innenarchitekten-sind-dies-die-besten-lackfarben-fuer-die-kombination-mit-holzboeden\\\/\",\"name\":\"Laut Innenarchitekten sind dies die besten Lackfarben f\u00fcr die Kombination mit Holzb\u00f6den - Nachrichten - Stra\u00dfenweb\",\"isPartOf\":{\"@id\":\"https:\\\/\\\/www.strassenweb.de\\\/nachrichten\\\/#website\"},\"primaryImageOfPage\":{\"@id\":\"https:\\\/\\\/www.strassenweb.de\\\/nachrichten\\\/laut-innenarchitekten-sind-dies-die-besten-lackfarben-fuer-die-kombination-mit-holzboeden\\\/#primaryimage\"},\"image\":{\"@id\":\"https:\\\/\\\/www.strassenweb.de\\\/nachrichten\\\/laut-innenarchitekten-sind-dies-die-besten-lackfarben-fuer-die-kombination-mit-holzboeden\\\/#primaryimage\"},\"thumbnailUrl\":\"https:\\\/\\\/www.strassenweb.de\\\/nachrichten\\\/wp-content\\\/uploads\\\/2024\\\/10\\\/Laut-Innenarchitekten-sind-dies-die-besten-Lackfarben-fuer-die-Kombination.jpg\",\"datePublished\":\"2024-10-21T04:52:42+00:00\",\"dateModified\":\"2024-10-21T04:52:43+00:00\",\"breadcrumb\":{\"@id\":\"https:\\\/\\\/www.strassenweb.de\\\/nachrichten\\\/laut-innenarchitekten-sind-dies-die-besten-lackfarben-fuer-die-kombination-mit-holzboeden\\\/#breadcrumb\"},\"inLanguage\":\"de\",\"potentialAction\":[{\"@type\":\"ReadAction\",\"target\":[\"https:\\\/\\\/www.strassenweb.de\\\/nachrichten\\\/laut-innenarchitekten-sind-dies-die-besten-lackfarben-fuer-die-kombination-mit-holzboeden\\\/\"]}]},{\"@type\":\"ImageObject\",\"inLanguage\":\"de\",\"@id\":\"https:\\\/\\\/www.strassenweb.de\\\/nachrichten\\\/laut-innenarchitekten-sind-dies-die-besten-lackfarben-fuer-die-kombination-mit-holzboeden\\\/#primaryimage\",\"url\":\"https:\\\/\\\/www.strassenweb.de\\\/nachrichten\\\/wp-content\\\/uploads\\\/2024\\\/10\\\/Laut-Innenarchitekten-sind-dies-die-besten-Lackfarben-fuer-die-Kombination.jpg\",\"contentUrl\":\"https:\\\/\\\/www.strassenweb.de\\\/nachrichten\\\/wp-content\\\/uploads\\\/2024\\\/10\\\/Laut-Innenarchitekten-sind-dies-die-besten-Lackfarben-fuer-die-Kombination.jpg\",\"width\":1200,\"height\":675,\"caption\":\"Laut Innenarchitekten sind dies die besten Lackfarben f\u00fcr die Kombination mit Holzb\u00f6den\"},{\"@type\":\"BreadcrumbList\",\"@id\":\"https:\\\/\\\/www.strassenweb.de\\\/nachrichten\\\/laut-innenarchitekten-sind-dies-die-besten-lackfarben-fuer-die-kombination-mit-holzboeden\\\/#breadcrumb\",\"itemListElement\":[{\"@type\":\"ListItem\",\"position\":1,\"name\":\"Home\",\"item\":\"https:\\\/\\\/www.strassenweb.de\\\/nachrichten\\\/\"},{\"@type\":\"ListItem\",\"position\":2,\"name\":\"Laut Innenarchitekten sind dies die besten Lackfarben f\u00fcr die Kombination mit Holzb\u00f6den\"}]},{\"@type\":\"WebSite\",\"@id\":\"https:\\\/\\\/www.strassenweb.de\\\/nachrichten\\\/#website\",\"url\":\"https:\\\/\\\/www.strassenweb.de\\\/nachrichten\\\/\",\"name\":\"Stra\u00dfenweb\",\"description\":\"Stra\u00dfenverzeichnis f\u00fcr Deutschland\",\"publisher\":{\"@id\":\"https:\\\/\\\/www.strassenweb.de\\\/nachrichten\\\/#organization\"},\"potentialAction\":[{\"@type\":\"SearchAction\",\"target\":{\"@type\":\"EntryPoint\",\"urlTemplate\":\"https:\\\/\\\/www.strassenweb.de\\\/nachrichten\\\/?s={search_term_string}\"},\"query-input\":{\"@type\":\"PropertyValueSpecification\",\"valueRequired\":true,\"valueName\":\"search_term_string\"}}],\"inLanguage\":\"de\"},{\"@type\":\"Organization\",\"@id\":\"https:\\\/\\\/www.strassenweb.de\\\/nachrichten\\\/#organization\",\"name\":\"Stra\u00dfenweb\",\"url\":\"https:\\\/\\\/www.strassenweb.de\\\/nachrichten\\\/\",\"logo\":{\"@type\":\"ImageObject\",\"inLanguage\":\"de\",\"@id\":\"https:\\\/\\\/www.strassenweb.de\\\/nachrichten\\\/#\\\/schema\\\/logo\\\/image\\\/\",\"url\":\"https:\\\/\\\/www.strassenweb.de\\\/nachrichten\\\/wp-content\\\/uploads\\\/2024\\\/09\\\/cropped-favicon.png\",\"contentUrl\":\"https:\\\/\\\/www.strassenweb.de\\\/nachrichten\\\/wp-content\\\/uploads\\\/2024\\\/09\\\/cropped-favicon.png\",\"width\":512,\"height\":512,\"caption\":\"Stra\u00dfenweb\"},\"image\":{\"@id\":\"https:\\\/\\\/www.strassenweb.de\\\/nachrichten\\\/#\\\/schema\\\/logo\\\/image\\\/\"},\"sameAs\":[\"https:\\\/\\\/www.facebook.com\\\/strassenweb\\\/\"]},{\"@type\":\"Person\",\"@id\":\"https:\\\/\\\/www.strassenweb.de\\\/nachrichten\\\/#\\\/schema\\\/person\\\/87c9c9067f1211da429a744dc5a5aa41\",\"name\":\"Robert Hoffmann\",\"image\":{\"@type\":\"ImageObject\",\"inLanguage\":\"de\",\"@id\":\"https:\\\/\\\/www.strassenweb.de\\\/nachrichten\\\/wp-content\\\/uploads\\\/2024\\\/09\\\/strassenweb-150x150.jpg\",\"url\":\"https:\\\/\\\/www.strassenweb.de\\\/nachrichten\\\/wp-content\\\/uploads\\\/2024\\\/09\\\/strassenweb-150x150.jpg\",\"contentUrl\":\"https:\\\/\\\/www.strassenweb.de\\\/nachrichten\\\/wp-content\\\/uploads\\\/2024\\\/09\\\/strassenweb-150x150.jpg\",\"caption\":\"Robert Hoffmann\"},\"description\":\"Ich hei\u00dfe Robert Hoffmann und ich bin ein leidenschaftlicher Verfechter von \u00d6kologie und Biodiversit\u00e4t. Seit meiner Kindheit in den W\u00e4ldern Bayerns f\u00fchle ich mich mit der Natur verbunden und bin entschlossen, sie zu sch\u00fctzen. Heute widme ich mein Leben der Sensibilisierung anderer f\u00fcr die Bedeutung des Umweltschutzes f\u00fcr zuk\u00fcnftige Generationen.\",\"sameAs\":[\"https:\\\/\\\/www.strassenweb.de\\\/\"]}]}<\/script>\n<!-- \/ Yoast SEO plugin. -->","yoast_head_json":{"title":"Laut Innenarchitekten sind dies die besten Lackfarben f\u00fcr die Kombination mit Holzb\u00f6den - Nachrichten - Stra\u00dfenweb","robots":{"index":"index","follow":"follow","max-snippet":"max-snippet:-1","max-image-preview":"max-image-preview:large","max-video-preview":"max-video-preview:-1"},"canonical":"https:\/\/www.strassenweb.de\/nachrichten\/laut-innenarchitekten-sind-dies-die-besten-lackfarben-fuer-die-kombination-mit-holzboeden\/","og_locale":"de_DE","og_type":"article","og_title":"Laut Innenarchitekten sind dies die besten Lackfarben f\u00fcr die Kombination mit Holzb\u00f6den - Nachrichten - Stra\u00dfenweb","og_description":"Bei der Entscheidung f\u00fcr ein Farbschema f\u00fcr einen Raum gibt es viele Dinge zu ber\u00fccksichtigen, aber einer der wichtigsten ist, wie gut die Farben zum","og_url":"https:\/\/www.strassenweb.de\/nachrichten\/laut-innenarchitekten-sind-dies-die-besten-lackfarben-fuer-die-kombination-mit-holzboeden\/","og_site_name":"Stra\u00dfenweb","article_publisher":"https:\/\/www.facebook.com\/strassenweb\/","article_published_time":"2024-10-21T04:52:42+00:00","article_modified_time":"2024-10-21T04:52:43+00:00","og_image":[{"width":1200,"height":675,"url":"https:\/\/www.strassenweb.de\/nachrichten\/wp-content\/uploads\/2024\/10\/Laut-Innenarchitekten-sind-dies-die-besten-Lackfarben-fuer-die-Kombination.jpg","type":"image\/jpeg"}],"author":"Robert Hoffmann","twitter_card":"summary_large_image","twitter_misc":{"Verfasst von":"Robert Hoffmann","Gesch\u00e4tzte Lesezeit":"6\u00a0Minuten"},"schema":{"@context":"https:\/\/schema.org","@graph":[{"@type":"Article","@id":"https:\/\/www.strassenweb.de\/nachrichten\/laut-innenarchitekten-sind-dies-die-besten-lackfarben-fuer-die-kombination-mit-holzboeden\/#article","isPartOf":{"@id":"https:\/\/www.strassenweb.de\/nachrichten\/laut-innenarchitekten-sind-dies-die-besten-lackfarben-fuer-die-kombination-mit-holzboeden\/"},"author":{"name":"Robert Hoffmann","@id":"https:\/\/www.strassenweb.de\/nachrichten\/#\/schema\/person\/87c9c9067f1211da429a744dc5a5aa41"},"headline":"Laut Innenarchitekten sind dies die besten Lackfarben f\u00fcr die Kombination mit Holzb\u00f6den","datePublished":"2024-10-21T04:52:42+00:00","dateModified":"2024-10-21T04:52:43+00:00","mainEntityOfPage":{"@id":"https:\/\/www.strassenweb.de\/nachrichten\/laut-innenarchitekten-sind-dies-die-besten-lackfarben-fuer-die-kombination-mit-holzboeden\/"},"wordCount":1252,"publisher":{"@id":"https:\/\/www.strassenweb.de\/nachrichten\/#organization"},"image":{"@id":"https:\/\/www.strassenweb.de\/nachrichten\/laut-innenarchitekten-sind-dies-die-besten-lackfarben-fuer-die-kombination-mit-holzboeden\/#primaryimage"},"thumbnailUrl":"https:\/\/www.strassenweb.de\/nachrichten\/wp-content\/uploads\/2024\/10\/Laut-Innenarchitekten-sind-dies-die-besten-Lackfarben-fuer-die-Kombination.jpg","keywords":["besten","die","dies","f\u00fcr","Holzb\u00f6den","Innenarchitekten","Kombination","Lackfarben","laut","mit","sind"],"articleSection":["Haus &amp; Garten"],"inLanguage":"de"},{"@type":"WebPage","@id":"https:\/\/www.strassenweb.de\/nachrichten\/laut-innenarchitekten-sind-dies-die-besten-lackfarben-fuer-die-kombination-mit-holzboeden\/","url":"https:\/\/www.strassenweb.de\/nachrichten\/laut-innenarchitekten-sind-dies-die-besten-lackfarben-fuer-die-kombination-mit-holzboeden\/","name":"Laut Innenarchitekten sind dies die besten Lackfarben f\u00fcr die Kombination mit Holzb\u00f6den - Nachrichten - Stra\u00dfenweb","isPartOf":{"@id":"https:\/\/www.strassenweb.de\/nachrichten\/#website"},"primaryImageOfPage":{"@id":"https:\/\/www.strassenweb.de\/nachrichten\/laut-innenarchitekten-sind-dies-die-besten-lackfarben-fuer-die-kombination-mit-holzboeden\/#primaryimage"},"image":{"@id":"https:\/\/www.strassenweb.de\/nachrichten\/laut-innenarchitekten-sind-dies-die-besten-lackfarben-fuer-die-kombination-mit-holzboeden\/#primaryimage"},"thumbnailUrl":"https:\/\/www.strassenweb.de\/nachrichten\/wp-content\/uploads\/2024\/10\/Laut-Innenarchitekten-sind-dies-die-besten-Lackfarben-fuer-die-Kombination.jpg","datePublished":"2024-10-21T04:52:42+00:00","dateModified":"2024-10-21T04:52:43+00:00","breadcrumb":{"@id":"https:\/\/www.strassenweb.de\/nachrichten\/laut-innenarchitekten-sind-dies-die-besten-lackfarben-fuer-die-kombination-mit-holzboeden\/#breadcrumb"},"inLanguage":"de","potentialAction":[{"@type":"ReadAction","target":["https:\/\/www.strassenweb.de\/nachrichten\/laut-innenarchitekten-sind-dies-die-besten-lackfarben-fuer-die-kombination-mit-holzboeden\/"]}]},{"@type":"ImageObject","inLanguage":"de","@id":"https:\/\/www.strassenweb.de\/nachrichten\/laut-innenarchitekten-sind-dies-die-besten-lackfarben-fuer-die-kombination-mit-holzboeden\/#primaryimage","url":"https:\/\/www.strassenweb.de\/nachrichten\/wp-content\/uploads\/2024\/10\/Laut-Innenarchitekten-sind-dies-die-besten-Lackfarben-fuer-die-Kombination.jpg","contentUrl":"https:\/\/www.strassenweb.de\/nachrichten\/wp-content\/uploads\/2024\/10\/Laut-Innenarchitekten-sind-dies-die-besten-Lackfarben-fuer-die-Kombination.jpg","width":1200,"height":675,"caption":"Laut Innenarchitekten sind dies die besten Lackfarben f\u00fcr die Kombination mit Holzb\u00f6den"},{"@type":"BreadcrumbList","@id":"https:\/\/www.strassenweb.de\/nachrichten\/laut-innenarchitekten-sind-dies-die-besten-lackfarben-fuer-die-kombination-mit-holzboeden\/#breadcrumb","itemListElement":[{"@type":"ListItem","position":1,"name":"Home","item":"https:\/\/www.strassenweb.de\/nachrichten\/"},{"@type":"ListItem","position":2,"name":"Laut Innenarchitekten sind dies die besten Lackfarben f\u00fcr die Kombination mit Holzb\u00f6den"}]},{"@type":"WebSite","@id":"https:\/\/www.strassenweb.de\/nachrichten\/#website","url":"https:\/\/www.strassenweb.de\/nachrichten\/","name":"Stra\u00dfenweb","description":"Stra\u00dfenverzeichnis f\u00fcr Deutschland","publisher":{"@id":"https:\/\/www.strassenweb.de\/nachrichten\/#organization"},"potentialAction":[{"@type":"SearchAction","target":{"@type":"EntryPoint","urlTemplate":"https:\/\/www.strassenweb.de\/nachrichten\/?s={search_term_string}"},"query-input":{"@type":"PropertyValueSpecification","valueRequired":true,"valueName":"search_term_string"}}],"inLanguage":"de"},{"@type":"Organization","@id":"https:\/\/www.strassenweb.de\/nachrichten\/#organization","name":"Stra\u00dfenweb","url":"https:\/\/www.strassenweb.de\/nachrichten\/","logo":{"@type":"ImageObject","inLanguage":"de","@id":"https:\/\/www.strassenweb.de\/nachrichten\/#\/schema\/logo\/image\/","url":"https:\/\/www.strassenweb.de\/nachrichten\/wp-content\/uploads\/2024\/09\/cropped-favicon.png","contentUrl":"https:\/\/www.strassenweb.de\/nachrichten\/wp-content\/uploads\/2024\/09\/cropped-favicon.png","width":512,"height":512,"caption":"Stra\u00dfenweb"},"image":{"@id":"https:\/\/www.strassenweb.de\/nachrichten\/#\/schema\/logo\/image\/"},"sameAs":["https:\/\/www.facebook.com\/strassenweb\/"]},{"@type":"Person","@id":"https:\/\/www.strassenweb.de\/nachrichten\/#\/schema\/person\/87c9c9067f1211da429a744dc5a5aa41","name":"Robert Hoffmann","image":{"@type":"ImageObject","inLanguage":"de","@id":"https:\/\/www.strassenweb.de\/nachrichten\/wp-content\/uploads\/2024\/09\/strassenweb-150x150.jpg","url":"https:\/\/www.strassenweb.de\/nachrichten\/wp-content\/uploads\/2024\/09\/strassenweb-150x150.jpg","contentUrl":"https:\/\/www.strassenweb.de\/nachrichten\/wp-content\/uploads\/2024\/09\/strassenweb-150x150.jpg","caption":"Robert Hoffmann"},"description":"Ich hei\u00dfe Robert Hoffmann und ich bin ein leidenschaftlicher Verfechter von \u00d6kologie und Biodiversit\u00e4t. Seit meiner Kindheit in den W\u00e4ldern Bayerns f\u00fchle ich mich mit der Natur verbunden und bin entschlossen, sie zu sch\u00fctzen. Heute widme ich mein Leben der Sensibilisierung anderer f\u00fcr die Bedeutung des Umweltschutzes f\u00fcr zuk\u00fcnftige Generationen.","sameAs":["https:\/\/www.strassenweb.de\/"]}]}},"_links":{"self":[{"href":"https:\/\/www.strassenweb.de\/nachrichten\/wp-json\/wp\/v2\/posts\/1026","targetHints":{"allow":["GET"]}}],"collection":[{"href":"https:\/\/www.strassenweb.de\/nachrichten\/wp-json\/wp\/v2\/posts"}],"about":[{"href":"https:\/\/www.strassenweb.de\/nachrichten\/wp-json\/wp\/v2\/types\/post"}],"author":[{"embeddable":true,"href":"https:\/\/www.strassenweb.de\/nachrichten\/wp-json\/wp\/v2\/users\/1"}],"replies":[{"embeddable":true,"href":"https:\/\/www.strassenweb.de\/nachrichten\/wp-json\/wp\/v2\/comments?post=1026"}],"version-history":[{"count":0,"href":"https:\/\/www.strassenweb.de\/nachrichten\/wp-json\/wp\/v2\/posts\/1026\/revisions"}],"wp:featuredmedia":[{"embeddable":true,"href":"https:\/\/www.strassenweb.de\/nachrichten\/wp-json\/wp\/v2\/media\/1027"}],"wp:attachment":[{"href":"https:\/\/www.strassenweb.de\/nachrichten\/wp-json\/wp\/v2\/media?parent=1026"}],"wp:term":[{"taxonomy":"category","embeddable":true,"href":"https:\/\/www.strassenweb.de\/nachrichten\/wp-json\/wp\/v2\/categories?post=1026"},{"taxonomy":"post_tag","embeddable":true,"href":"https:\/\/www.strassenweb.de\/nachrichten\/wp-json\/wp\/v2\/tags?post=1026"}],"curies":[{"name":"wp","href":"https:\/\/api.w.org\/{rel}","templated":true}]}}