{"id":10245,"date":"2025-12-30T15:39:18","date_gmt":"2025-12-30T14:39:18","guid":{"rendered":"https:\/\/www.strassenweb.de\/nachrichten\/garden-diaries-eine-reise-von-der-wueste-arizonas-ins-laendliche-burgund-wie-kendall-smith-franchini-eine-idyllische-kochschule-und-einen-rueckzugsort-im-gemuesegarten-auf-dem-franzoesische\/"},"modified":"2025-12-30T15:39:22","modified_gmt":"2025-12-30T14:39:22","slug":"garden-diaries-eine-reise-von-der-wueste-arizonas-ins-laendliche-burgund-wie-kendall-smith-franchini-eine-idyllische-kochschule-und-einen-rueckzugsort-im-gemuesegarten-auf-dem-franzoesische","status":"publish","type":"post","link":"https:\/\/www.strassenweb.de\/nachrichten\/garden-diaries-eine-reise-von-der-wueste-arizonas-ins-laendliche-burgund-wie-kendall-smith-franchini-eine-idyllische-kochschule-und-einen-rueckzugsort-im-gemuesegarten-auf-dem-franzoesische\/","title":{"rendered":"Garden Diaries: Eine Reise von der W\u00fcste Arizonas ins l\u00e4ndliche Burgund \u2013 Wie Kendall Smith-Franchini eine idyllische Kochschule und einen R\u00fcckzugsort im Gem\u00fcsegarten auf dem franz\u00f6sischen Land gr\u00fcndete"},"content":{"rendered":"<p><\/p>\n<div id=\"article-body\" class=\"article__body \">\n<div data-analytics-id=\"utility-bar\" analytics-name=\"utility-bar\" id=\"utility-bar\" class=\"flex justify-between items-center py-2 border-t border-b border-gray-300 border-solid mb-5 mx-auto min-(1024px):max-w-(670px)\" data-component-name=\"UtilityBar\" data-mrf-recirculation=\"utility-bar\">\n<div class=\"flex gap-2 text-(#333) subcontainer\">\n<div class=\"relative tooltip-container\" role=\"tooltip\">\n<button id=\"utilitybar__button--share\" type=\"button\" aria-label=\"Share this article\" aria-expanded=\"false\" aria-controls=\"utilitybar__dropdown--share\" aria-haspopup=\"true\" data-analytics-id=\"article-social\" analytics-label=\"utility-bar-share\" analytics-name=\"utility-bar\" data-component-name=\"UtilityBar:ShareArticle:Button\" class=\"relative text-inherit leading-none text-xs flex items-center gap-1\" data-mrf-recirculation=\"article-social\"><br \/>\n<svg class=\"m-auto size-5 text-inherit\" data-component-name=\"Icon\" aria-hidden=\"true\" width=\"23\" height=\"21\" viewbox=\"0 0 23 21\" fill=\"none\" xmlns=\"http:\/\/www.w3.org\/2000\/svg\">\n<path d=\"M13.8583 1.82131L18.7293 6.12806C20.6528 7.82875 21.6146 8.67912 21.6146 9.77454C21.6146 10.8701 20.6528 11.7204 18.7293 13.4211L13.8583 17.7279C12.9803 18.5041 12.5414 18.8923 12.1794 18.7306C11.8174 18.5689 11.8174 17.9847 11.8174 16.8162V13.9565C7.40295 13.9565 2.62061 16.0475 0.78125 19.5323C0.78125 8.38058 7.3212 5.59268 11.8174 5.59268V2.73294C11.8174 1.56445 11.8174 0.980213 12.1794 0.818536C12.5414 0.656859 12.9803 1.045 13.8583 1.82131Z\" stroke=\"#1B1B1B\" stroke-width=\"1.5625\" stroke-linecap=\"round\" stroke-linejoin=\"round\"><\/path>\n<\/svg><\/p>\n<p>Aktie<br \/>\n<\/button><\/p>\n<div data-component-name=\"Social:Dropdown\" role=\"menu\" id=\"utilitybar__dropdown--share\" aria-labelledby=\"utilitybar__button--share\" class=\"absolute left-0 top-full w-44 bg-white rounded-md shadow-md border border-neutral-200 z-(9996) list-none m-0 py-2 px-3 border-solid\" style=\"grid-area: social-icons;\">\n<span class=\"block px-3 py-2 text-sm font-bold border-b border-gray-300 border-solid text-neutral-900\">Teilen durch:<\/span><\/p>\n<ul class=\"!m-0\">\n<li class=\"!p-0 !m-0 list-none border-b border-gray-200 border-solid\">\n<button type=\"button\" onclick=\"navigator.clipboard.writeText(window.location.href).then(() =&gt; alert(Copy link)).catch(err =&gt; console.error('Failed to copy: ', err))\" data-platform=\"copy_link\" data-action=\"\" class=\"py-2 text-sm text-neutral-700 hover:bg-neutral-100 transition-colors no-underline block cursor-pointer border-0 bg-transparent hover:(&amp;_svg):filter-none w-full text-left normal-case\" aria-label=\"Copy link\" role=\"menuitem\" data-analytics-id=\"article-social\" analytics-label=\"utility-bar-social-share-copy-link\" analytics-name=\"utility-bar-secondary\" data-mrf-recirculation=\"article-social\"><br \/>\n<svg class=\"text-black size-8 w-6 h-6 inline-block mr-1.5\" data-component-name=\"Icon\" aria-hidden=\"true\" xmlns=\"http:\/\/www.w3.org\/2000\/svg\" fill=\"none\" viewbox=\"0 0 24 24\" stroke-width=\"1.5\" stroke=\"currentColor\" data-slot=\"icon\">\n<path stroke-linecap=\"round\" stroke-linejoin=\"round\" d=\"M13.19 8.688a4.5 4.5 0 0 1 1.242 7.244l-4.5 4.5a4.5 4.5 0 0 1-6.364-6.364l1.757-1.757m13.35-.622 1.757-1.757a4.5 4.5 0 0 0-6.364-6.364l-4.5 4.5a4.5 4.5 0 0 0 1.242 7.244\"><\/path>\n<\/svg><\/p>\n<p>Link kopieren<br \/>\n<\/button>\n<\/li>\n<li class=\"!p-0 !m-0 list-none border-b border-gray-200 border-solid\">\n<p><svg class=\"size-8 w-6 h-6 inline-block mr-1.5 text-primary-500\" data-component-name=\"Icon\" aria-hidden=\"true\" style=\"filter: grayscale(100%) brightness(60%) contrast(1000%)\" width=\"24\" height=\"24\" viewbox=\"0 0 24 24\" fill=\"none\" xmlns=\"http:\/\/www.w3.org\/2000\/svg\">\n<path fill-rule=\"evenodd\" clip-rule=\"evenodd\" d=\"M12 24C5.372 24 0 18.627 0 12C0 5.373 5.372 0 12 0C18.627 0 24 5.373 24 12C24 18.627 18.627 24 12 24Z\" fill=\"#3C5999\"><\/path>\n<path fill-rule=\"evenodd\" clip-rule=\"evenodd\" d=\"M13.0764 19H10.1804V12H8.73242V9.588H10.1804V8.141C10.1804 6.172 10.9964 5 13.3184 5H15.2504V7.414H14.0434C13.1384 7.414 13.0784 7.75 13.0784 8.379L13.0764 9.588H15.2654L15.0084 12H13.0764V19Z\" fill=\"white\"><\/path>\n<\/svg><\/p>\n<p>Facebook<\/p>\n<\/li>\n<li class=\"!p-0 !m-0 list-none border-b border-gray-200 border-solid\">\n<a rel=\"nofollow\" href=\"https:\/\/twitter.com\/intent\/tweet?text=Garden+Diaries%3A+A+Journey+from+the+Arizona+Desert+to+Rural+Burgundy+%E2%80%93+How+Kendall+Smith-Franchini+Grew+an+Idyllic+Cookery+School+and+Kitchen+Garden+Retreat+in+the+French+Countryside&amp;url=https%3A%2F%2Fwww.homesandgardens.com%2Fgardens%2Fgarden-diaries-the-cooks-atelier\" data-platform=\"X\" class=\"py-2 text-sm text-neutral-700 hover:bg-neutral-100 transition-colors no-underline block cursor-pointer border-0 bg-transparent hover:(&amp;_svg):filter-none\" aria-label=\"Share this page on X\" role=\"menuitem\" data-analytics-id=\"article-social\" analytics-label=\"utility-bar-social-share-X\" analytics-name=\"utility-bar-secondary\" target=\"_blank\" data-mrf-recirculation=\"article-social\"><br \/>\n<svg class=\"size-8 w-6 h-6 inline-block mr-1.5 text-primary-500\" data-component-name=\"Icon\" aria-hidden=\"true\" style=\"none\" width=\"24\" height=\"24\" viewbox=\"0 0 24 24\" fill=\"none\" xmlns=\"http:\/\/www.w3.org\/2000\/svg\">\n<path fill-rule=\"evenodd\" clip-rule=\"evenodd\" d=\"M12 24C5.372 24 0 18.627 0 12C0 5.373 5.372 0 12 0C18.627 0 24 5.373 24 12C24 18.627 18.627 24 12 24Z\" fill=\"black\"><\/path>\n<path d=\"M13.1403 11.0842L17.6068 6H16.5488L12.6689 10.4137L9.57237 6H6L10.6836 12.6749L6 18.0059H7.05804L11.1526 13.3439L14.4235 18.0059H17.9959M7.4399 6.78133H9.06534L16.548 17.2629H14.9221\" fill=\"white\"><\/path>\n<\/svg><\/p>\n<p>X<br \/>\n<\/a>\n<\/li>\n<li class=\"!p-0 !m-0 list-none border-b border-gray-200 border-solid sm:hidden\">\n<p><svg class=\"size-8 w-6 h-6 inline-block mr-1.5 text-primary-500\" data-component-name=\"Icon\" aria-hidden=\"true\" style=\"filter: grayscale(100%) brightness(60%) contrast(1000%)\" width=\"24\" height=\"24\" viewbox=\"0 0 24 24\" fill=\"none\" xmlns=\"http:\/\/www.w3.org\/2000\/svg\">\n<g clip-path=\"url(#clip0_7607_1303)\">\n<path d=\"M12 24C18.6274 24 24 18.6274 24 12C24 5.37258 18.6274 0 12 0C5.37258 0 0 5.37258 0 12C0 18.6274 5.37258 24 12 24Z\" fill=\"#25D366\"><\/path>\n<path d=\"M16.9074 7.03131C16.2656 6.38465 15.5016 5.87206 14.6599 5.52334C13.8182 5.17462 12.9155 4.99674 12.0044 5.00005C10.7864 5.00124 9.59004 5.32242 8.53521 5.93143C7.48037 6.54045 6.60407 7.41592 5.99404 8.47015C5.38402 9.5244 5.06169 10.7204 5.05933 11.9384C5.05697 13.1565 5.37467 14.3537 5.98061 15.4103L5 19.0088L8.6773 18.0457C9.69271 18.6106 10.8337 18.9117 11.9956 18.9213C13.8428 18.9213 15.6151 18.1917 16.9269 16.8914C18.2387 15.5911 18.9838 13.8252 19 11.9782C18.9939 11.0565 18.8058 10.1451 18.4467 9.29619C18.0877 8.4473 17.5645 7.67764 16.9074 7.03131ZM12.0044 17.7218C10.9692 17.7225 9.95298 17.4442 9.06254 16.9163L8.85241 16.7849L6.6723 17.3628L7.25016 15.2352L7.11007 15.0163C6.3652 13.8139 6.0872 12.38 6.32875 10.9863C6.57029 9.59269 7.31461 8.33602 8.42068 7.4544C9.52675 6.57278 10.9177 6.12745 12.3302 6.20278C13.7426 6.27809 15.0784 6.86883 16.0844 7.86308C17.1841 8.93842 17.8136 10.4052 17.8355 11.9431C17.8217 13.4805 17.2012 14.9502 16.1091 16.0325C15.0171 17.1146 13.5418 17.7218 12.0044 17.7218ZM15.1651 13.3966C14.99 13.309 14.1407 12.8887 13.9831 12.8362C13.8255 12.7837 13.7029 12.7486 13.5891 12.9238C13.4179 13.1585 13.2336 13.3835 13.0375 13.5979C12.9412 13.7205 12.8361 13.7293 12.661 13.5979C11.6627 13.2034 10.8309 12.4767 10.3058 11.5404C10.122 11.2339 10.4809 11.2515 10.8136 10.5948C10.8382 10.5474 10.851 10.4949 10.851 10.4416C10.851 10.3883 10.8382 10.3357 10.8136 10.2884C10.8136 10.2008 10.4196 9.34276 10.2795 9.0013C10.1395 8.65983 9.99937 8.71236 9.88555 8.70361H9.54409C9.45562 8.70497 9.36846 8.7252 9.28843 8.76295C9.20841 8.80069 9.13736 8.85509 9.08005 8.9225C8.88359 9.11352 8.73037 9.34444 8.63068 9.59968C8.531 9.85492 8.48719 10.1286 8.50219 10.4022C8.55709 11.0572 8.80375 11.6814 9.21138 12.1971C9.95752 13.3141 10.9801 14.219 12.1795 14.8237C12.8086 15.1909 13.5396 15.3445 14.2633 15.2615C14.5042 15.2137 14.7325 15.1157 14.9331 14.9738C15.1338 14.8321 15.3023 14.6496 15.4278 14.4385C15.544 14.1807 15.5806 13.8941 15.5328 13.6154C15.454 13.5279 15.3402 13.4841 15.1651 13.3966Z\" fill=\"white\"><\/path>\n<\/g>\n<defs>\n<clippath id=\"clip0_7607_1303\">\n<rect width=\"24\" height=\"24\" fill=\"white\"><\/rect>\n<\/clippath>\n<\/defs>\n<\/svg><\/p>\n<p>WhatsApp<\/p>\n<\/li>\n<li class=\"!p-0 !m-0 list-none border-b border-gray-200 border-solid\">\n<p><svg class=\"size-8 w-6 h-6 inline-block mr-1.5 text-primary-500\" data-component-name=\"Icon\" aria-hidden=\"true\" style=\"filter: grayscale(100%) brightness(60%) contrast(1000%)\" width=\"24\" height=\"24\" viewbox=\"0 0 24 24\" fill=\"none\" xmlns=\"http:\/\/www.w3.org\/2000\/svg\">\n<path fill-rule=\"evenodd\" clip-rule=\"evenodd\" d=\"M24 12C24 18.627 18.627 24 12 24C5.373 24 0 18.627 0 12C0 5.373 5.373 0 12 0C18.627 0 24 5.373 24 12\" fill=\"#BD091C\"><\/path>\n<path fill-rule=\"evenodd\" clip-rule=\"evenodd\" d=\"M12.33 6C8.51003 6 6.58203 8.739 6.58203 11.023C6.58203 12.406 7.10503 13.637 8.23003 14.096C8.41403 14.171 8.57803 14.099 8.63303 13.895C8.67003 13.753 8.75803 13.397 8.79703 13.249C8.85003 13.048 8.83003 12.977 8.68003 12.801C8.35703 12.419 8.15003 11.924 8.15003 11.224C8.15003 9.191 9.67003 7.372 12.109 7.372C14.267 7.372 15.455 8.692 15.455 10.454C15.455 12.772 14.43 14.729 12.906 14.729C12.064 14.729 11.434 14.034 11.637 13.181C11.879 12.162 12.346 11.062 12.346 10.327C12.346 9.669 11.992 9.12 11.262 9.12C10.402 9.12 9.71103 10.01 9.71103 11.201C9.71103 11.96 9.96703 12.474 9.96703 12.474C9.96703 12.474 9.08803 16.202 8.93403 16.855C8.62503 18.156 8.88703 19.751 8.90803 19.911C8.92203 20.007 9.04503 20.029 9.10003 19.958C9.18003 19.854 10.203 18.589 10.553 17.326C10.65 16.969 11.117 15.115 11.117 15.115C11.396 15.648 12.213 16.118 13.082 16.118C15.666 16.118 17.42 13.762 17.42 10.606C17.42 8.222 15.4 6 12.33 6\" fill=\"white\"><\/path>\n<\/svg><\/p>\n<p>Pinterest<\/p>\n<\/li>\n<li class=\"!p-0 !m-0 list-none border-b border-gray-200 border-solid\">\n<p><svg class=\"size-8 w-6 h-6 inline-block mr-1.5 text-primary-500\" data-component-name=\"Icon\" aria-hidden=\"true\" style=\"filter: grayscale(100%) brightness(60%) contrast(1000%)\" width=\"24\" height=\"24\" viewbox=\"0 0 24 24\" fill=\"none\" xmlns=\"http:\/\/www.w3.org\/2000\/svg\">\n<path fill-rule=\"evenodd\" clip-rule=\"evenodd\" d=\"M12 24C5.372 24 0 18.627 0 12C0 5.373 5.372 0 12 0C18.627 0 24 5.373 24 12C24 18.627 18.627 24 12 24Z\" fill=\"#F52929\"><\/path>\n<path d=\"M12.0007 5.99988H18V7.99823V9.9918H16.0066H14.0086L13.9936 11.9854L13.9836 13.9837L11.9855 13.9937L9.99214 14.0083L9.97714 16.0067L9.96714 18.0002H7.98367H6V12.0002V6.00024H11.9992L12.0007 5.99988Z\" fill=\"white\"><\/path>\n<\/svg><\/p>\n<p>Flipboard<\/p>\n<\/li>\n<\/ul>\n<\/div>\n<div class=\"max-sm:hidden tooltip absolute left-1\/2 bg-gray-900 text-white text-xs leading-none px-3 py-1.5 rounded-md z-(10001) whitespace-nowrap\" id=\"tooltip-share-this-article\" role=\"tooltip\" aria-hidden=\"true\">\n<p>Teilen Sie diesen Artikel\n<\/p><\/div>\n<\/div>\n<div class=\"relative tooltip-container\" role=\"tooltip\">\n<div class=\"max-sm:hidden tooltip absolute left-1\/2 bg-gray-900 text-white text-xs leading-none px-3 py-1.5 rounded-md z-(10001) whitespace-nowrap\" id=\"tooltip-join-the-conversation\" role=\"tooltip\" aria-hidden=\"true\">\n<p>Beteiligen Sie sich an der Unterhaltung\n<\/p><\/div>\n<\/div>\n<\/div>\n<div class=\"flex gap-2 text-(#333) subcontainer\">\n<div class=\"relative tooltip-container\" role=\"tooltip\">\n<p><svg class=\"inline-block m-auto size-5 text-inherit filter grayscale brightness-0 contrast-100\" data-component-name=\"Icon\" aria-hidden=\"true\" xmlns=\"http:\/\/www.w3.org\/2000\/svg\" width=\"20\" height=\"20\" fill=\"none\" viewbox=\"0 0 20 20\">\n<path fill=\"#4285F4\" d=\"M18.8 10.208c0-.65-.058-1.275-.167-1.875H10v3.55h4.933a4.226 4.226 0 0 1-1.841 2.759v2.308h2.975C17.8 15.35 18.8 13 18.8 10.208Z\"><\/path>\n<path fill=\"#34A853\" d=\"M10 19.167c2.475 0 4.55-.817 6.066-2.217l-2.975-2.308c-.816.55-1.858.883-3.091.883-2.384 0-4.409-1.608-5.134-3.775h-3.05v2.367c1.509 2.991 4.6 5.05 8.184 5.05Z\"><\/path>\n<path fill=\"#FBBC05\" d=\"M4.865 11.742A5.493 5.493 0 0 1 4.574 10c0-.608.108-1.192.291-1.742V5.892h-3.05A9.054 9.054 0 0 0 .832 10c0 1.483.358 2.875.983 4.108l2.375-1.85.675-.516Z\"><\/path>\n<path fill=\"#EA4335\" d=\"M10 4.483c1.35 0 2.55.467 3.508 1.367l2.625-2.625C14.541 1.742 12.475.833 10 .833c-3.584 0-6.675 2.059-8.184 5.059l3.05 2.366C5.591 6.092 7.616 4.483 10 4.483Z\"><\/path>\n<\/svg><\/p>\n<p>Folgen Sie uns<\/p>\n<div class=\"max-sm:hidden tooltip absolute left-1\/2 bg-gray-900 text-white text-xs leading-none px-3 py-1.5 rounded-md z-(10001) whitespace-nowrap\" id=\"tooltip-add-us-as-a-preferred-source-on-google\" role=\"tooltip\" aria-hidden=\"true\">\nF\u00fcgen Sie uns als bevorzugte Quelle bei Google hinzu\n<\/div>\n<\/div>\n<div class=\"relative tooltip-container\" role=\"tooltip\">\n<p><svg class=\"inline-block m-auto size-5 text-inherit\" data-component-name=\"Icon\" aria-hidden=\"true\" xmlns=\"http:\/\/www.w3.org\/2000\/svg\" fill=\"none\" viewbox=\"0 0 24 24\" stroke-width=\"1.5\" stroke=\"currentColor\" data-slot=\"icon\">\n<path stroke-linecap=\"round\" stroke-linejoin=\"round\" d=\"M21.75 6.75v10.5a2.25 2.25 0 0 1-2.25 2.25h-15a2.25 2.25 0 0 1-2.25-2.25V6.75m19.5 0A2.25 2.25 0 0 0 19.5 4.5h-15a2.25 2.25 0 0 0-2.25 2.25m19.5 0v.243a2.25 2.25 0 0 1-1.07 1.916l-7.5 4.615a2.25 2.25 0 0 1-2.36 0L3.32 8.91a2.25 2.25 0 0 1-1.07-1.916V6.75\"><\/path>\n<\/svg><\/p>\n<p>Newsletter<\/p>\n<div class=\"max-sm:hidden tooltip absolute left-1\/2 bg-gray-900 text-white text-xs leading-none px-3 py-1.5 rounded-md z-(10001) whitespace-nowrap\" id=\"tooltip-subscribe-to-our-newsletter\" role=\"tooltip\" aria-hidden=\"true\">\nAbonnieren Sie unseren Newsletter\n<\/div>\n<\/div>\n<\/div>\n<\/div>\n<p id=\"d7ce4c0c-8450-48e3-8173-63c1ba6cef52\">Als Kendall Smith-Franchini und ihr Mann Laurent ihr Haus, das Woodland House, vor 15 Jahren zum ersten Mal sahen, zeigte ihnen der Immobilienmakler zuerst das \u00c4u\u00dfere \u2013 den Garten, den Obstgarten, das Potenzial. Als Frischverheiratete, die auf der Suche nach einem Ort mit etwas Grundst\u00fcck zum Arbeiten waren, waren sie v\u00f6llig begeistert. Es dauerte jedoch ein Jahrzehnt, bis ihre Gartentr\u00e4ume wahr wurden.<\/p>\n<div id=\"ad-unit-1\" class=\"ad-unit\"><\/div>\n<p>Sie hatten The Cook&#8217;s Atelier, die Kochschule und kulinarische Boutique der Familie im Herzen von Beaune, Frankreich, einige Jahre vor dem Kauf ihres Hauses aus den 1850er-Jahren gegr\u00fcndet und konzentrierten sich auf den Aufbau eines Lifestyle-Unternehmens, bei dem die Philosophie \u201evom Bauernhof auf den Tisch\u201c im Mittelpunkt stand. Von Anfang an arbeiteten Kendell, ihre Mutter Marjorie und Laurent eng mit Lebensmittelproduzenten in der Region Burgund zusammen, um die besten lokalen Zutaten zu beschaffen, die sie finden konnten.<\/p>\n<p class=\"paywall\" aria-hidden=\"true\">Da sie wussten, dass sie schon immer selbst in die Erde greifen wollten, entwickelte sich das Atelier vor f\u00fcnf Jahren erneut weiter und sie schufen endlich den K\u00fcchengarten, von dem sie immer getr\u00e4umt hatten. Die Vision h\u00f6rte hier nicht auf. Die Familie verwandelte au\u00dferdem eine Scheune in eine Au\u00dfenk\u00fcche, in der die G\u00e4ste kochen k\u00f6nnen, und schuf einen magischen Essbereich im Wald, der den Sch\u00fclern einen R\u00fcckzugsort zum Entdecken und Erkunden im Rahmen ihres kulinarischen Lernens bietet. Es ist weit entfernt von der W\u00fcste Arizonas, in der Kendall aufgewachsen ist, wie sie uns hier erz\u00e4hlt.<\/p>\n<figure class=\"van-image-figure full-width-layout \" data-bordeaux-image-check id=\"3402eb3c-a5a9-4315-a365-fc3fc5fd3bac\">\n<div class=\"image-full-width-wrapper\">\n<div class=\"image-widthsetter\"><\/div>\n<\/div>\n<\/figure>\n<h3 class=\"article-body__section\" id=\"section-a-french-idyll\"><span>Eine franz\u00f6sische Idylle<\/span><\/h3>\n<aside data-block-type=\"embed\" data-render-type=\"fte\" data-skip=\"dealsy\" data-widget-type=\"seasonal\" class=\"hawk-root\"><\/aside>\n<p id=\"c22b79d6-b1ac-4d1f-9b18-23edfc30f2a7-0\">Ich komme aus Arizona und meine Mutter auch. Und Arizona ist keineswegs ein Ort, an dem man viel anbaut. Es ist eine W\u00fcste; nicht viel Regen, nicht viel Gr\u00fcn.<\/p>\n<div id=\"ad-unit-2\" class=\"ad-unit\"><\/div>\n<p>Wir waren schon immer fasziniert davon, an einem Ort zu leben, an dem es Jahreszeiten gibt, an denen man tats\u00e4chlich Nahrungsmittel und Blumen anbauen und B\u00e4ume pflanzen kann. Das war schon immer der Traum. Und gerade Burgund ist wirklich gro\u00dfartig, weil es ein gesegnetes Anbaugebiet mit wirklich guten B\u00f6den ist. Wir sind von G\u00e4rtnern und Bauern umgeben, nicht von gro\u00dfen Industriebetrieben, sondern hier und da \u00fcberall von kleinen, winzigen Bauernh\u00f6fen. Einige von ihnen bauen Gem\u00fcse an, andere konzentrieren sich auf Obst. Es ist eine Gemeinschaft von Erzeugern.<\/p>\n<p>Ich war der Frankophile in der Familie. Mein ganzes Leben lang habe ich gesagt: \u201eIch ziehe einfach nach Frankreich.\u201c Als kleines Kind habe ich dar\u00fcber gesprochen, wor\u00fcber mich meine Familie st\u00e4ndig aufzieht, weil es in Arizona, wie Sie sich vorstellen k\u00f6nnen, nicht viele franz\u00f6sischsprachige Menschen gibt. Aber ich war einfach entschlossen. Ich habe Kunstgeschichte studiert, mich f\u00fcr Wein interessiert und im Grunde alle davon \u00fcberzeugt, nach Burgund zu ziehen, auch meinen Mann, der urspr\u00fcnglich aus S\u00fcdfrankreich stammt.<\/p>\n<p>Meine Mutter und ich leiten The Cook&#8217;s Atelier nun seit 17 Jahren. Als K\u00f6che waren wir schon immer mit den Urspr\u00fcngen des Essens verbunden. Das war schon immer das R\u00fcckgrat unseres Handelns. Es war erfrischend, das dann leben zu k\u00f6nnen \u2013 das anzubauen, was wir kochen, unseren G\u00e4sten zu zeigen, wo die Zutaten herkommen, Teil dieser Gemeinschaft von Menschen zu sein, die alle ihre kleinen G\u00e4rten oder Gem\u00fcseg\u00e4rten haben.<\/p>\n<figure class=\"van-image-figure full-width-layout \" data-bordeaux-image-check id=\"34777d86-aede-45f1-b967-14a6c03cfe16\">\n<div class=\"image-full-width-wrapper\">\n<div class=\"image-widthsetter\"><\/div>\n<\/div>\n<\/figure>\n<h3 class=\"article-body__section\" id=\"section-learning-from-the-community-and-the-land\"><span>Von der Gemeinschaft und dem Land lernen<\/span><\/h3>\n<p id=\"d9ccac1b-5b6b-4d77-8368-9be0de52203f\">Das Woodland House liegt auf dem Land s\u00fcdlich von Beaune, an der Route zu den Grand-Cru-Weind\u00f6rfern. Es ist eine wundersch\u00f6ne Fahrt durch Weinberge und kleine St\u00e4dte.<\/p>\n<p>Das Grundst\u00fcck selbst liegt in einem kleinen Tal, hinter dem Haus flie\u00dft ein Bach. Wir besitzen einen Teil des Waldes dahinter, aber ein gro\u00dfer Teil davon geh\u00f6rt dem kleinen Dorf. Da man darauf nichts bauen kann, f\u00fchlt sich das Grundst\u00fcck viel gr\u00f6\u00dfer an, als es tats\u00e4chlich ist. Es ist weniger als zwei Hektar gro\u00df, erstreckt sich aber bis ins Waldgebiet.<\/p>\n<p>Wir sind wirklich mit gutem Boden gesegnet. Das Klima ist interessant. Im Burgund ist es im Allgemeinen sehr regnerisch, besonders im Fr\u00fchling und Herbst, und es wird nicht wirklich sehr kalt. Wir haben ein paar Schneetage, aber meistens gibt es Frost, was bei den Weinbergen und Obstb\u00e4umen schwierig sein kann. Ein Sp\u00e4tfrost kann alles besch\u00e4digen.<\/p>\n<p>Eigentlich m\u00fcssen wir nicht sehr oft gie\u00dfen, weil es hier so nass und feucht ist. Im Juli und August, w\u00e4hrend der D\u00fcrreperiode, haben wir Gl\u00fcck, denn der kleine Bach hinter dem Haus versiegt nie. Bei Bedarf k\u00f6nnen wir daraus Wasser pumpen, obwohl wir es selbst im Sommer nur sehr selten ben\u00f6tigen.<\/p>\n<p>Wir haben auch viele Wildtiere; Blaureiher, F\u00fcchse und Hirsche. Wir lernen auch von der Community. Unser Nachbar hat uns beigebracht, wie man Bienen h\u00e4lt. Wir bringen den gesamten Kompost aus der Kochschule zur\u00fcck in den Garten. Es ist ein sehr kleines Team und wir tragen viele Aufgaben, aber es ist eine Leidenschaft, nach der wir pers\u00f6nlich streben wollen, und es ist sch\u00f6n, dies auch in die Funktionsweise unseres Unternehmens zu integrieren.<\/p>\n<figure class=\"van-image-figure full-width-layout \" data-bordeaux-image-check id=\"cda2fe80-a627-439b-922d-573cff0f2a55\">\n<div class=\"image-full-width-wrapper\">\n<div class=\"image-widthsetter\"><\/div>\n<\/div>\n<\/figure>\n<p id=\"053d0e8f-5632-468f-876e-40ba9f1b26c7\">Wir hatten im Laufe der Jahre immer eine kleine Variation eines Gartens, aber nie etwas Gro\u00dfartiges. Wir arbeiten mit wirklich gro\u00dfartigen Landwirten und G\u00e4rtnern in Beaune zusammen, die die Kochschule mit Lebensmitteln versorgen, aber wir wollten auch immer selbst Hand anlegen und versuchen, uns selbst anzubauen.<\/p>\n<p>Und vor f\u00fcnf Jahren, w\u00e4hrend der Pandemie, hatten wir endlich Zeit. Wir haben einen gr\u00fcnen Daumen und wollten schon immer unseren eigenen Garten anlegen. Das war offensichtlich der richtige Zeitpunkt daf\u00fcr.<\/p>\n<p>Wir machen den Garten selbst. Und das hat Spa\u00df gemacht, weil es eine gro\u00dfe Lernkurve ist. Nat\u00fcrlich lernen wir jedes Jahr dazu. Jedes Jahr ist anders.<\/p>\n<p>Wir f\u00fchren viele Begleitpflanzungen durch und st\u00fctzen uns dabei gewisserma\u00dfen auf die Prinzipien der Permakultur. Wir bauen haupts\u00e4chlich Gem\u00fcse an, haben aber auch viele Obstb\u00e4ume.<\/p>\n<p>W\u00e4hrend der Pandemie haben wir mit einem Verein zusammengearbeitet, der privaten Hausbesitzern hilft, die historischen B\u00e4ume der Region zu bewahren, und wir haben etwa 40 Obstb\u00e4ume gepflanzt. Darunter sind Kirschen, \u00c4pfel, Birnen, Aprikosen, Pflaumen, Kakis, Pfirsiche, Himbeeren und jede Menge Johannisbeeren.<\/p>\n<p>Der Potager hat einen Rand aus essbaren Kr\u00e4utern, der den gesamten Garten umgibt: Schnittlauch, Petersilie, Salbei, Rosmarin und Lavendel wachsen dort. Es ist alles essbar und das ganze Jahr \u00fcber.<\/p>\n<figure class=\"van-image-figure full-width-layout \" data-bordeaux-image-check id=\"ef8a3945-bfe0-4b8e-af41-5ecb0ad04077\">\n<div class=\"image-full-width-wrapper\">\n<div class=\"image-widthsetter\"><\/div>\n<\/div>\n<\/figure>\n<h3 class=\"article-body__section\" id=\"section-a-potager-garden-with-family-soul\"><span>Ein Potager-Garten mit Familienseele<\/span><\/h3>\n<p id=\"aa29422e-6c7a-45e2-99bb-e808db092b1b\">Wir haben eine Vorliebe f\u00fcr K\u00fcrbisse und lieben besonders die Aschenputtel-K\u00fcrbisse. Wir versuchen immer, eine Mischung aus allem zuzubereiten: viel Salat, viel Rucola und japanisches Gem\u00fcse. Mehr Vielfalt als Quantit\u00e4t, denn jedes Mal, wenn wir G\u00e4ste bedienen, m\u00f6chten wir etwas anderes haben. Es passieren also viele kleine Dinge.<\/p>\n<p>Es ist definitiv eine Mischung aus Geschmacks- und Sch\u00f6nheitsanbau. Wir haben auch erst k\u00fcrzlich ein kleines Gew\u00e4chshaus bekommen.<\/p>\n<p>Wir haben im ersten Jahr so \u200b\u200bviele kleine Setzlinge gepflanzt, es war der Wahnsinn. Sie waren \u00fcberall im Haus, \u00fcberall. Jetzt fangen wir einige Dinge mit Samen an, und wir haben auch gro\u00dfes Gl\u00fcck, denn auf dem Markt und bei den Bauern, die wir besuchen, z\u00fcchten sie auch kleine Samenpflanzen. Es ist ein Kopfgeld. Manchmal teilen wir auch Samen mit ihnen.<\/p>\n<p>Das andere, was wirklich sch\u00f6n an unserer Region ist, ist, dass es, obwohl sie sehr l\u00e4ndlich ist, viele internationale Menschen gibt. Wir haben Griechen und Japaner, und einer unserer Lieblingsg\u00e4rtner ist ein Deutscher, der st\u00e4ndig Pflanzen vorschl\u00e4gt, die wir anbauen sollten. Wir sprechen \u00fcber Samen und Techniken und finden dann eine L\u00f6sung.<\/p>\n<figure class=\"van-image-figure full-width-layout \" data-bordeaux-image-check id=\"606cdd82-f4d8-49f3-a08e-3bd5773d26e2\">\n<div class=\"image-full-width-wrapper\">\n<div class=\"image-widthsetter\"><\/div>\n<\/div>\n<\/figure>\n<p id=\"592be1f4-8971-4d57-a62a-b9dbaca839e5\">Wir sind unter der Woche so besch\u00e4ftigt mit der Arbeit, dass Sonntage unsere Gartentage sind. Es ist eine Familienangelegenheit, wenn wir Gartentage haben und alle vorbeikommen, auch meine drei Kinder. Lucas ist vierzehn, Manon ist zw\u00f6lf und Lou ist sechs. Wir versuchen sicherzustellen, dass sie irgendwie einbezogen werden. Ihre Aufmerksamkeitsspanne ist nicht besonders gro\u00df, aber wir versuchen sicherzustellen, dass sie sich ein wenig im Garten aufhalten.<\/p>\n<p>Als wir vor f\u00fcnf Jahren angefangen haben, haben wir daf\u00fcr gesorgt, dass Luc seine kleine Abteilung hat. Er liebt einheimische Pflanzen und B\u00e4ume, deshalb hatte er sein \u201eDrei-Schwestern\u201c-Beet \u2013 Mais, Bohnen und K\u00fcrbisse \u2013, f\u00fcr das er verantwortlich ist. Manon, die Mittlere, stand schon immer auf Cornichons. Und Lou, die Kleinste, liebte Erdbeeren, also hatte sie ihr kleines Erdbeerbeet. Das machen wir immer noch weiter. Wir versuchen immer noch, sicherzustellen, dass sie interessiert sind.<\/p>\n<p>Ein Gartentag ist im Grunde eine Mischung aus allem; Ernten, J\u00e4ten und Pflanzen. Wir versuchen, es so oft wie m\u00f6glich zu tun, damit es keine gro\u00dfe, \u00fcberw\u00e4ltigende Aufgabe ist. Und wenn wir diesen Teil hinter uns haben, beenden wir normalerweise mit einem gro\u00dfen, netten Familienessen. Wir sitzen drau\u00dfen vor der Scheune und es ist eine sch\u00f6ne Belohnung.<\/p>\n<figure class=\"van-image-figure full-width-layout \" data-bordeaux-image-check id=\"367c20c9-8560-441e-8b35-40b0c70fd595\">\n<div class=\"image-full-width-wrapper\">\n<div class=\"image-widthsetter\"><\/div>\n<\/div>\n<\/figure>\n<h3 class=\"article-body__section\" id=\"section-learning-as-we-grow-mistakes-and-revelations\"><span>Lernen, w\u00e4hrend wir wachsen \u2013 Fehler und Offenbarungen<\/span><\/h3>\n<p id=\"b435c44e-71f8-4083-b2ce-bcd056d60f69\">Wir haben eine Menge Lernerfahrungen gemacht. Gleich im ersten Jahr haben wir, wie jeder neue G\u00e4rtner, viel zu viele Zucchini gepflanzt. Wir waren so aufgeregt. Aber wir haben keine Zucchini bekommen, weil wir alle Bl\u00fcten aufgegessen haben, bevor sie Fr\u00fcchte trugen.<\/p>\n<p>Auch von unseren G\u00e4sten lernen wir viel. Viele von ihnen sind recht gute G\u00e4rtner. Ich erinnere mich, dass einmal ein Gast namens Dee zu uns sagte: \u201eMeine Damen, Sie k\u00f6nnen Ihre Auberginen nicht getrennt voneinander pflanzen.\u201c Sie m\u00fcssen alle zusammen sein, denn so best\u00e4uben sie.\u201c Ich habe auf diese Weise viel gelernt.<\/p>\n<p>Und jedes Jahr lernen wir etwas Neues. Auf dem Komposthaufen wuchsen ziemlich viele Wildk\u00fcrbisse, weil wir vergessen hatten, dem Kompost ausreichend Mist hinzuzuf\u00fcgen. Das ist eine Lernkurve. Aber es gibt immer solche Kleinigkeiten. Jedes Jahr wird man besser, je mehr man es macht, und das hat Spa\u00df gemacht.<\/p>\n<p>Ich denke, am Anfang, wenn man anf\u00e4ngt, ist man bei den Dingen etwas starrer. Aber je \u00f6fter man es macht, desto entspannter wird man und l\u00e4sst den Garten seine Arbeit machen.<\/p>\n<p>Manchmal kommen die Kosmos an eine andere Stelle zur\u00fcck, als ich sie im Vorjahr gepflanzt habe, aber im n\u00e4chsten Jahr kommen sie wieder und ich lasse sie einfach stehen, weil sie mir gefallen. Ich lasse es einfach tun, was es will. Es macht es einem leichter und es sieht meiner Meinung nach einfach sch\u00f6ner aus, wenn man es einfach sein eigenes Leben und seine eigene Pers\u00f6nlichkeit annehmen l\u00e4sst.<\/p>\n<figure class=\"van-image-figure full-width-layout \" data-bordeaux-image-check id=\"e31d15b9-e6c1-410c-b2c6-670120e4b7e4\">\n<div class=\"image-full-width-wrapper\">\n<div class=\"image-widthsetter\"><\/div>\n<\/div>\n<\/figure>\n<p id=\"d366121f-bfc0-4f32-9573-5e91fdb57eb9\">Es ist sch\u00f6n, unseren G\u00e4sten zeigen zu k\u00f6nnen, wie einige der von uns zubereiteten Lebensmittel angebaut werden. Es muss nicht grandios sein. Dar\u00fcber reden wir die ganze Woche mit ihnen w\u00e4hrend unserer f\u00fcnft\u00e4gigen Meisterkursprogramme.<\/p>\n<p>Nach vier Tagen Kochen in der Stadt im Atelier ist der letzte Tag etwas entspannter auf dem Land und mehr auf den Lebensstil ausgerichtet. Wir treffen uns im Woodland House, was f\u00fcr G\u00e4ste aus aller Welt ein wahrer Genuss ist. Sie k\u00f6nnen auf dem Land sein, die G\u00e4rten sehen, die H\u00fchner sehen, die Bienen sehen und all das Zeug.<\/p>\n<p>Die Scheunenk\u00fcche, die wir erst letzten Winter renoviert haben, ist der Ort, an dem Menschen gerne im Freien kochen und essen. Es bringt alles zusammen. Wir sagen G\u00e4sten oft, dass es ein bisschen Inspiration sein soll; Es muss keine gro\u00dfe, grandiose Sache sein.<\/p>\n<h3 class=\"article-body__section\" id=\"section-getting-better-season-by-season\"><span>Von Saison zu Saison immer besser<\/span><\/h3>\n<p id=\"95c2dbd0-252e-4dd3-8824-241ea37d9d37\">Ich denke, das Ziel besteht darin, darin besser zu werden und ein erfahrenerer G\u00e4rtner mit mehr Erfahrung zu werden.<\/p>\n<p>Ich m\u00f6chte auch besser darin werden, mehr kleine Ecken und Nischen in und um den Wald herum zu schaffen. Rund um den bewaldeten Teil am Bach gibt es bereits viele kleine Bereiche, in denen es vor allem im Fr\u00fchling nat\u00fcrliche Blumen gibt, wilde Veilchen, Primeln und \u00e4hnliches.<\/p>\n<p>Ich denke, wir k\u00f6nnten mehr Blumenzwiebeln pflanzen, kleine Abschnitte auf dem Grundst\u00fcck schaffen, die eine bestimmte Bedeutung haben, oder kleine Erlebnisse schaffen. Selbst auf kleinem Raum gibt es immer Raum f\u00fcr Ver\u00e4nderungen, Verbesserungen und Wachstum.<\/p>\n<p>Das wirklich Sch\u00f6ne am Woodland House ist, dass es alles vereint, was wir an Frankreich lieben. Es ist ein Ort der Zusammenkunft. Und jetzt, wenn Menschen aus der ganzen Welt kommen, versammeln wir uns alle hier. Es ist wirklich dieser wirklich idyllische l\u00e4ndliche Ort in Frankreich.<\/p>\n<p>Wir sind wirklich stolz auf das, was wir geschaffen haben. Wir waren in dem Sinne mutig, dass wir einfach kopf\u00fcber hineingesprungen sind. Und ich denke, wenn man etwas aus Samen z\u00fcchtet und es dann genie\u00dft, es zu kochen und zu essen \u2013 auch in kleiner Form \u2013, ist es wirklich lohnend.<\/p>\n<p>Noch mehr Geschichten und Techniken der Kochschule The Cook&#8217;s Atelier k\u00f6nnen Sie in ihrem Deb\u00fct-Kochbuch entdecken, das bei Amazon erh\u00e4ltlich ist.<\/p>\n<figure class=\"van-image-figure full-width-layout \" data-bordeaux-image-check id=\"6672f913-86a0-4342-83ae-bed39298defb\">\n<div class=\"image-full-width-wrapper\">\n<div class=\"image-widthsetter\"><\/div>\n<\/div>\n<\/figure>\n<hr id=\"c4ee15a8-29ae-42cc-aa9c-bfd2adb905d2\">\n<p id=\"7868fc9e-6545-4911-a750-1c26aa7514df\"><strong><\/strong><em><strong>Gartentageb\u00fccher<\/strong><\/em><em><strong>  ist unsere Serie, in der wir inspirierende Geschichten \u00fcber die Gestaltung und Pflege eines atemberaubenden Gartenraums erz\u00e4hlen. Wir erforschen, wie Kreative, Designer und Geschmacksmacher einen zutiefst pers\u00f6nlichen Raum geschaffen haben, der Kreativit\u00e4t, Lernen und Gl\u00fcck in ihren G\u00e4rten einl\u00e4dt, und wie sie in diesen R\u00e4umen leben.<\/strong><\/em><\/p>\n<div class=\"block\" id=\"articleTag\" data-component-name=\"PostArticleLinks\" data-nosnippet data-mrf-recirculation=\"post-article-links\">\n<div class=\"border-b border-b-black border-solid py-2.5 text-black font-bold uppercase\">THEMEN<\/div>\n<nav class=\"py-2.5 flex gap-2.5 flex-wrap\" data-analytics-id=\"article-tag\" data-mrf-recirculation=\"article-tag\">\n<p>Gartentageb\u00fccher<\/p>\n<\/nav>\n<\/div>\n<\/div>\n<p><script async src=\"https:\/\/platform.twitter.com\/widgets.js\" charset=\"utf-8\"><\/script><\/p>\n","protected":false},"excerpt":{"rendered":"<p>Aktie Teilen durch: Link kopieren Facebook X WhatsApp Pinterest Flipboard Teilen Sie diesen Artikel Beteiligen Sie sich an der Unterhaltung Folgen Sie uns F\u00fcgen Sie<\/p>\n","protected":false},"author":1,"featured_media":10246,"comment_status":"closed","ping_status":"","sticky":false,"template":"","format":"standard","meta":{"footnotes":""},"categories":[118],"tags":[12463,46,12465,91,81,11887,74,166,1894,4393,4554,12468,4376,3654,4204,12467,1916,12464,11332,2739,12466,37,21,26,12462],"class_list":["post-10245","post","type-post","status-publish","format-standard","has-post-thumbnail","hentry","category-haus-garten","tag-arizonas","tag-auf","tag-burgund","tag-dem","tag-der","tag-diaries","tag-eine","tag-einen","tag-franzoesischen","tag-garden","tag-gemuesegarten","tag-gruendete","tag-idyllische","tag-ins","tag-kendall","tag-kochschule","tag-land","tag-laendliche","tag-reise","tag-rueckzugsort","tag-smithfranchini","tag-und","tag-von","tag-wie","tag-wueste","generate-columns","tablet-grid-50","mobile-grid-100","grid-parent","grid-50"],"yoast_head":"<!-- This site is optimized with the Yoast SEO plugin v27.3 - https:\/\/yoast.com\/product\/yoast-seo-wordpress\/ -->\n<title>Garden Diaries: Eine Reise von der W\u00fcste Arizonas ins l\u00e4ndliche Burgund \u2013 Wie Kendall Smith-Franchini eine idyllische Kochschule und einen R\u00fcckzugsort im Gem\u00fcsegarten auf dem franz\u00f6sischen Land gr\u00fcndete - Nachrichten - Stra\u00dfenweb<\/title>\n<meta name=\"robots\" content=\"index, follow, max-snippet:-1, max-image-preview:large, max-video-preview:-1\" \/>\n<link rel=\"canonical\" href=\"https:\/\/www.strassenweb.de\/nachrichten\/garden-diaries-eine-reise-von-der-wueste-arizonas-ins-laendliche-burgund-wie-kendall-smith-franchini-eine-idyllische-kochschule-und-einen-rueckzugsort-im-gemuesegarten-auf-dem-franzoesische\/\" \/>\n<meta property=\"og:locale\" content=\"de_DE\" \/>\n<meta property=\"og:type\" content=\"article\" \/>\n<meta property=\"og:title\" content=\"Garden Diaries: Eine Reise von der W\u00fcste Arizonas ins l\u00e4ndliche Burgund \u2013 Wie Kendall Smith-Franchini eine idyllische Kochschule und einen R\u00fcckzugsort im Gem\u00fcsegarten auf dem franz\u00f6sischen Land gr\u00fcndete - Nachrichten - Stra\u00dfenweb\" \/>\n<meta property=\"og:description\" content=\"Aktie Teilen durch: Link kopieren Facebook X WhatsApp Pinterest Flipboard Teilen Sie diesen Artikel Beteiligen Sie sich an der Unterhaltung Folgen Sie uns F\u00fcgen Sie\" \/>\n<meta property=\"og:url\" content=\"https:\/\/www.strassenweb.de\/nachrichten\/garden-diaries-eine-reise-von-der-wueste-arizonas-ins-laendliche-burgund-wie-kendall-smith-franchini-eine-idyllische-kochschule-und-einen-rueckzugsort-im-gemuesegarten-auf-dem-franzoesische\/\" \/>\n<meta property=\"og:site_name\" content=\"Stra\u00dfenweb\" \/>\n<meta property=\"article:publisher\" content=\"https:\/\/www.facebook.com\/strassenweb\/\" \/>\n<meta property=\"article:published_time\" content=\"2025-12-30T14:39:18+00:00\" \/>\n<meta property=\"article:modified_time\" content=\"2025-12-30T14:39:22+00:00\" \/>\n<meta property=\"og:image\" content=\"https:\/\/www.strassenweb.de\/nachrichten\/wp-content\/uploads\/2025\/12\/Garden-Diaries-Eine-Reise-von-der-Wueste-Arizonas-ins-laendliche-1024x614.png\" \/>\n\t<meta property=\"og:image:width\" content=\"1024\" \/>\n\t<meta property=\"og:image:height\" content=\"614\" \/>\n\t<meta property=\"og:image:type\" content=\"image\/png\" \/>\n<meta name=\"author\" content=\"Robert Hoffmann\" \/>\n<meta name=\"twitter:card\" content=\"summary_large_image\" \/>\n<meta name=\"twitter:label1\" content=\"Verfasst von\" \/>\n\t<meta name=\"twitter:data1\" content=\"Robert Hoffmann\" \/>\n\t<meta name=\"twitter:label2\" content=\"Gesch\u00e4tzte Lesezeit\" \/>\n\t<meta name=\"twitter:data2\" content=\"11\u00a0Minuten\" \/>\n<script type=\"application\/ld+json\" class=\"yoast-schema-graph\">{\"@context\":\"https:\\\/\\\/schema.org\",\"@graph\":[{\"@type\":\"Article\",\"@id\":\"https:\\\/\\\/www.strassenweb.de\\\/nachrichten\\\/garden-diaries-eine-reise-von-der-wueste-arizonas-ins-laendliche-burgund-wie-kendall-smith-franchini-eine-idyllische-kochschule-und-einen-rueckzugsort-im-gemuesegarten-auf-dem-franzoesische\\\/#article\",\"isPartOf\":{\"@id\":\"https:\\\/\\\/www.strassenweb.de\\\/nachrichten\\\/garden-diaries-eine-reise-von-der-wueste-arizonas-ins-laendliche-burgund-wie-kendall-smith-franchini-eine-idyllische-kochschule-und-einen-rueckzugsort-im-gemuesegarten-auf-dem-franzoesische\\\/\"},\"author\":{\"name\":\"Robert Hoffmann\",\"@id\":\"https:\\\/\\\/www.strassenweb.de\\\/nachrichten\\\/#\\\/schema\\\/person\\\/87c9c9067f1211da429a744dc5a5aa41\"},\"headline\":\"Garden Diaries: Eine Reise von der W\u00fcste Arizonas ins l\u00e4ndliche Burgund \u2013 Wie Kendall Smith-Franchini eine idyllische Kochschule und einen R\u00fcckzugsort im Gem\u00fcsegarten auf dem franz\u00f6sischen Land gr\u00fcndete\",\"datePublished\":\"2025-12-30T14:39:18+00:00\",\"dateModified\":\"2025-12-30T14:39:22+00:00\",\"mainEntityOfPage\":{\"@id\":\"https:\\\/\\\/www.strassenweb.de\\\/nachrichten\\\/garden-diaries-eine-reise-von-der-wueste-arizonas-ins-laendliche-burgund-wie-kendall-smith-franchini-eine-idyllische-kochschule-und-einen-rueckzugsort-im-gemuesegarten-auf-dem-franzoesische\\\/\"},\"wordCount\":2254,\"publisher\":{\"@id\":\"https:\\\/\\\/www.strassenweb.de\\\/nachrichten\\\/#organization\"},\"image\":{\"@id\":\"https:\\\/\\\/www.strassenweb.de\\\/nachrichten\\\/garden-diaries-eine-reise-von-der-wueste-arizonas-ins-laendliche-burgund-wie-kendall-smith-franchini-eine-idyllische-kochschule-und-einen-rueckzugsort-im-gemuesegarten-auf-dem-franzoesische\\\/#primaryimage\"},\"thumbnailUrl\":\"https:\\\/\\\/www.strassenweb.de\\\/nachrichten\\\/wp-content\\\/uploads\\\/2025\\\/12\\\/Garden-Diaries-Eine-Reise-von-der-Wueste-Arizonas-ins-laendliche.png\",\"keywords\":[\"Arizonas\",\"auf\",\"Burgund\",\"dem\",\"der\",\"Diaries\",\"eine\",\"einen\",\"franz\u00f6sischen\",\"Garden\",\"Gem\u00fcsegarten\",\"gr\u00fcndete\",\"idyllische\",\"ins\",\"Kendall\",\"Kochschule\",\"Land\",\"l\u00e4ndliche\",\"Reise\",\"R\u00fcckzugsort\",\"SmithFranchini\",\"und\",\"von\",\"Wie\",\"W\u00fcste\"],\"articleSection\":[\"Haus &amp; Garten\"],\"inLanguage\":\"de\"},{\"@type\":\"WebPage\",\"@id\":\"https:\\\/\\\/www.strassenweb.de\\\/nachrichten\\\/garden-diaries-eine-reise-von-der-wueste-arizonas-ins-laendliche-burgund-wie-kendall-smith-franchini-eine-idyllische-kochschule-und-einen-rueckzugsort-im-gemuesegarten-auf-dem-franzoesische\\\/\",\"url\":\"https:\\\/\\\/www.strassenweb.de\\\/nachrichten\\\/garden-diaries-eine-reise-von-der-wueste-arizonas-ins-laendliche-burgund-wie-kendall-smith-franchini-eine-idyllische-kochschule-und-einen-rueckzugsort-im-gemuesegarten-auf-dem-franzoesische\\\/\",\"name\":\"Garden Diaries: Eine Reise von der W\u00fcste Arizonas ins l\u00e4ndliche Burgund \u2013 Wie Kendall Smith-Franchini eine idyllische Kochschule und einen R\u00fcckzugsort im Gem\u00fcsegarten auf dem franz\u00f6sischen Land gr\u00fcndete - Nachrichten - Stra\u00dfenweb\",\"isPartOf\":{\"@id\":\"https:\\\/\\\/www.strassenweb.de\\\/nachrichten\\\/#website\"},\"primaryImageOfPage\":{\"@id\":\"https:\\\/\\\/www.strassenweb.de\\\/nachrichten\\\/garden-diaries-eine-reise-von-der-wueste-arizonas-ins-laendliche-burgund-wie-kendall-smith-franchini-eine-idyllische-kochschule-und-einen-rueckzugsort-im-gemuesegarten-auf-dem-franzoesische\\\/#primaryimage\"},\"image\":{\"@id\":\"https:\\\/\\\/www.strassenweb.de\\\/nachrichten\\\/garden-diaries-eine-reise-von-der-wueste-arizonas-ins-laendliche-burgund-wie-kendall-smith-franchini-eine-idyllische-kochschule-und-einen-rueckzugsort-im-gemuesegarten-auf-dem-franzoesische\\\/#primaryimage\"},\"thumbnailUrl\":\"https:\\\/\\\/www.strassenweb.de\\\/nachrichten\\\/wp-content\\\/uploads\\\/2025\\\/12\\\/Garden-Diaries-Eine-Reise-von-der-Wueste-Arizonas-ins-laendliche.png\",\"datePublished\":\"2025-12-30T14:39:18+00:00\",\"dateModified\":\"2025-12-30T14:39:22+00:00\",\"breadcrumb\":{\"@id\":\"https:\\\/\\\/www.strassenweb.de\\\/nachrichten\\\/garden-diaries-eine-reise-von-der-wueste-arizonas-ins-laendliche-burgund-wie-kendall-smith-franchini-eine-idyllische-kochschule-und-einen-rueckzugsort-im-gemuesegarten-auf-dem-franzoesische\\\/#breadcrumb\"},\"inLanguage\":\"de\",\"potentialAction\":[{\"@type\":\"ReadAction\",\"target\":[\"https:\\\/\\\/www.strassenweb.de\\\/nachrichten\\\/garden-diaries-eine-reise-von-der-wueste-arizonas-ins-laendliche-burgund-wie-kendall-smith-franchini-eine-idyllische-kochschule-und-einen-rueckzugsort-im-gemuesegarten-auf-dem-franzoesische\\\/\"]}]},{\"@type\":\"ImageObject\",\"inLanguage\":\"de\",\"@id\":\"https:\\\/\\\/www.strassenweb.de\\\/nachrichten\\\/garden-diaries-eine-reise-von-der-wueste-arizonas-ins-laendliche-burgund-wie-kendall-smith-franchini-eine-idyllische-kochschule-und-einen-rueckzugsort-im-gemuesegarten-auf-dem-franzoesische\\\/#primaryimage\",\"url\":\"https:\\\/\\\/www.strassenweb.de\\\/nachrichten\\\/wp-content\\\/uploads\\\/2025\\\/12\\\/Garden-Diaries-Eine-Reise-von-der-Wueste-Arizonas-ins-laendliche.png\",\"contentUrl\":\"https:\\\/\\\/www.strassenweb.de\\\/nachrichten\\\/wp-content\\\/uploads\\\/2025\\\/12\\\/Garden-Diaries-Eine-Reise-von-der-Wueste-Arizonas-ins-laendliche.png\",\"width\":2560,\"height\":1536,\"caption\":\"Garden Diaries: Eine Reise von der W\u00fcste Arizonas ins l\u00e4ndliche Burgund \u2013 Wie Kendall Smith-Franchini eine idyllische Kochschule und einen R\u00fcckzugsort im Gem\u00fcsegarten auf dem franz\u00f6sischen Land gr\u00fcndete\"},{\"@type\":\"BreadcrumbList\",\"@id\":\"https:\\\/\\\/www.strassenweb.de\\\/nachrichten\\\/garden-diaries-eine-reise-von-der-wueste-arizonas-ins-laendliche-burgund-wie-kendall-smith-franchini-eine-idyllische-kochschule-und-einen-rueckzugsort-im-gemuesegarten-auf-dem-franzoesische\\\/#breadcrumb\",\"itemListElement\":[{\"@type\":\"ListItem\",\"position\":1,\"name\":\"Home\",\"item\":\"https:\\\/\\\/www.strassenweb.de\\\/nachrichten\\\/\"},{\"@type\":\"ListItem\",\"position\":2,\"name\":\"Garden Diaries: Eine Reise von der W\u00fcste Arizonas ins l\u00e4ndliche Burgund \u2013 Wie Kendall Smith-Franchini eine idyllische Kochschule und einen R\u00fcckzugsort im Gem\u00fcsegarten auf dem franz\u00f6sischen Land gr\u00fcndete\"}]},{\"@type\":\"WebSite\",\"@id\":\"https:\\\/\\\/www.strassenweb.de\\\/nachrichten\\\/#website\",\"url\":\"https:\\\/\\\/www.strassenweb.de\\\/nachrichten\\\/\",\"name\":\"Stra\u00dfenweb\",\"description\":\"Stra\u00dfenverzeichnis f\u00fcr Deutschland\",\"publisher\":{\"@id\":\"https:\\\/\\\/www.strassenweb.de\\\/nachrichten\\\/#organization\"},\"potentialAction\":[{\"@type\":\"SearchAction\",\"target\":{\"@type\":\"EntryPoint\",\"urlTemplate\":\"https:\\\/\\\/www.strassenweb.de\\\/nachrichten\\\/?s={search_term_string}\"},\"query-input\":{\"@type\":\"PropertyValueSpecification\",\"valueRequired\":true,\"valueName\":\"search_term_string\"}}],\"inLanguage\":\"de\"},{\"@type\":\"Organization\",\"@id\":\"https:\\\/\\\/www.strassenweb.de\\\/nachrichten\\\/#organization\",\"name\":\"Stra\u00dfenweb\",\"url\":\"https:\\\/\\\/www.strassenweb.de\\\/nachrichten\\\/\",\"logo\":{\"@type\":\"ImageObject\",\"inLanguage\":\"de\",\"@id\":\"https:\\\/\\\/www.strassenweb.de\\\/nachrichten\\\/#\\\/schema\\\/logo\\\/image\\\/\",\"url\":\"https:\\\/\\\/www.strassenweb.de\\\/nachrichten\\\/wp-content\\\/uploads\\\/2024\\\/09\\\/cropped-favicon.png\",\"contentUrl\":\"https:\\\/\\\/www.strassenweb.de\\\/nachrichten\\\/wp-content\\\/uploads\\\/2024\\\/09\\\/cropped-favicon.png\",\"width\":512,\"height\":512,\"caption\":\"Stra\u00dfenweb\"},\"image\":{\"@id\":\"https:\\\/\\\/www.strassenweb.de\\\/nachrichten\\\/#\\\/schema\\\/logo\\\/image\\\/\"},\"sameAs\":[\"https:\\\/\\\/www.facebook.com\\\/strassenweb\\\/\"]},{\"@type\":\"Person\",\"@id\":\"https:\\\/\\\/www.strassenweb.de\\\/nachrichten\\\/#\\\/schema\\\/person\\\/87c9c9067f1211da429a744dc5a5aa41\",\"name\":\"Robert Hoffmann\",\"image\":{\"@type\":\"ImageObject\",\"inLanguage\":\"de\",\"@id\":\"https:\\\/\\\/www.strassenweb.de\\\/nachrichten\\\/wp-content\\\/uploads\\\/2024\\\/09\\\/strassenweb-150x150.jpg\",\"url\":\"https:\\\/\\\/www.strassenweb.de\\\/nachrichten\\\/wp-content\\\/uploads\\\/2024\\\/09\\\/strassenweb-150x150.jpg\",\"contentUrl\":\"https:\\\/\\\/www.strassenweb.de\\\/nachrichten\\\/wp-content\\\/uploads\\\/2024\\\/09\\\/strassenweb-150x150.jpg\",\"caption\":\"Robert Hoffmann\"},\"description\":\"Ich hei\u00dfe Robert Hoffmann und ich bin ein leidenschaftlicher Verfechter von \u00d6kologie und Biodiversit\u00e4t. Seit meiner Kindheit in den W\u00e4ldern Bayerns f\u00fchle ich mich mit der Natur verbunden und bin entschlossen, sie zu sch\u00fctzen. Heute widme ich mein Leben der Sensibilisierung anderer f\u00fcr die Bedeutung des Umweltschutzes f\u00fcr zuk\u00fcnftige Generationen.\",\"sameAs\":[\"https:\\\/\\\/www.strassenweb.de\\\/\"]}]}<\/script>\n<!-- \/ Yoast SEO plugin. -->","yoast_head_json":{"title":"Garden Diaries: Eine Reise von der W\u00fcste Arizonas ins l\u00e4ndliche Burgund \u2013 Wie Kendall Smith-Franchini eine idyllische Kochschule und einen R\u00fcckzugsort im Gem\u00fcsegarten auf dem franz\u00f6sischen Land gr\u00fcndete - Nachrichten - Stra\u00dfenweb","robots":{"index":"index","follow":"follow","max-snippet":"max-snippet:-1","max-image-preview":"max-image-preview:large","max-video-preview":"max-video-preview:-1"},"canonical":"https:\/\/www.strassenweb.de\/nachrichten\/garden-diaries-eine-reise-von-der-wueste-arizonas-ins-laendliche-burgund-wie-kendall-smith-franchini-eine-idyllische-kochschule-und-einen-rueckzugsort-im-gemuesegarten-auf-dem-franzoesische\/","og_locale":"de_DE","og_type":"article","og_title":"Garden Diaries: Eine Reise von der W\u00fcste Arizonas ins l\u00e4ndliche Burgund \u2013 Wie Kendall Smith-Franchini eine idyllische Kochschule und einen R\u00fcckzugsort im Gem\u00fcsegarten auf dem franz\u00f6sischen Land gr\u00fcndete - Nachrichten - Stra\u00dfenweb","og_description":"Aktie Teilen durch: Link kopieren Facebook X WhatsApp Pinterest Flipboard Teilen Sie diesen Artikel Beteiligen Sie sich an der Unterhaltung Folgen Sie uns F\u00fcgen Sie","og_url":"https:\/\/www.strassenweb.de\/nachrichten\/garden-diaries-eine-reise-von-der-wueste-arizonas-ins-laendliche-burgund-wie-kendall-smith-franchini-eine-idyllische-kochschule-und-einen-rueckzugsort-im-gemuesegarten-auf-dem-franzoesische\/","og_site_name":"Stra\u00dfenweb","article_publisher":"https:\/\/www.facebook.com\/strassenweb\/","article_published_time":"2025-12-30T14:39:18+00:00","article_modified_time":"2025-12-30T14:39:22+00:00","og_image":[{"width":1024,"height":614,"url":"https:\/\/www.strassenweb.de\/nachrichten\/wp-content\/uploads\/2025\/12\/Garden-Diaries-Eine-Reise-von-der-Wueste-Arizonas-ins-laendliche-1024x614.png","type":"image\/png"}],"author":"Robert Hoffmann","twitter_card":"summary_large_image","twitter_misc":{"Verfasst von":"Robert Hoffmann","Gesch\u00e4tzte Lesezeit":"11\u00a0Minuten"},"schema":{"@context":"https:\/\/schema.org","@graph":[{"@type":"Article","@id":"https:\/\/www.strassenweb.de\/nachrichten\/garden-diaries-eine-reise-von-der-wueste-arizonas-ins-laendliche-burgund-wie-kendall-smith-franchini-eine-idyllische-kochschule-und-einen-rueckzugsort-im-gemuesegarten-auf-dem-franzoesische\/#article","isPartOf":{"@id":"https:\/\/www.strassenweb.de\/nachrichten\/garden-diaries-eine-reise-von-der-wueste-arizonas-ins-laendliche-burgund-wie-kendall-smith-franchini-eine-idyllische-kochschule-und-einen-rueckzugsort-im-gemuesegarten-auf-dem-franzoesische\/"},"author":{"name":"Robert Hoffmann","@id":"https:\/\/www.strassenweb.de\/nachrichten\/#\/schema\/person\/87c9c9067f1211da429a744dc5a5aa41"},"headline":"Garden Diaries: Eine Reise von der W\u00fcste Arizonas ins l\u00e4ndliche Burgund \u2013 Wie Kendall Smith-Franchini eine idyllische Kochschule und einen R\u00fcckzugsort im Gem\u00fcsegarten auf dem franz\u00f6sischen Land gr\u00fcndete","datePublished":"2025-12-30T14:39:18+00:00","dateModified":"2025-12-30T14:39:22+00:00","mainEntityOfPage":{"@id":"https:\/\/www.strassenweb.de\/nachrichten\/garden-diaries-eine-reise-von-der-wueste-arizonas-ins-laendliche-burgund-wie-kendall-smith-franchini-eine-idyllische-kochschule-und-einen-rueckzugsort-im-gemuesegarten-auf-dem-franzoesische\/"},"wordCount":2254,"publisher":{"@id":"https:\/\/www.strassenweb.de\/nachrichten\/#organization"},"image":{"@id":"https:\/\/www.strassenweb.de\/nachrichten\/garden-diaries-eine-reise-von-der-wueste-arizonas-ins-laendliche-burgund-wie-kendall-smith-franchini-eine-idyllische-kochschule-und-einen-rueckzugsort-im-gemuesegarten-auf-dem-franzoesische\/#primaryimage"},"thumbnailUrl":"https:\/\/www.strassenweb.de\/nachrichten\/wp-content\/uploads\/2025\/12\/Garden-Diaries-Eine-Reise-von-der-Wueste-Arizonas-ins-laendliche.png","keywords":["Arizonas","auf","Burgund","dem","der","Diaries","eine","einen","franz\u00f6sischen","Garden","Gem\u00fcsegarten","gr\u00fcndete","idyllische","ins","Kendall","Kochschule","Land","l\u00e4ndliche","Reise","R\u00fcckzugsort","SmithFranchini","und","von","Wie","W\u00fcste"],"articleSection":["Haus &amp; Garten"],"inLanguage":"de"},{"@type":"WebPage","@id":"https:\/\/www.strassenweb.de\/nachrichten\/garden-diaries-eine-reise-von-der-wueste-arizonas-ins-laendliche-burgund-wie-kendall-smith-franchini-eine-idyllische-kochschule-und-einen-rueckzugsort-im-gemuesegarten-auf-dem-franzoesische\/","url":"https:\/\/www.strassenweb.de\/nachrichten\/garden-diaries-eine-reise-von-der-wueste-arizonas-ins-laendliche-burgund-wie-kendall-smith-franchini-eine-idyllische-kochschule-und-einen-rueckzugsort-im-gemuesegarten-auf-dem-franzoesische\/","name":"Garden Diaries: Eine Reise von der W\u00fcste Arizonas ins l\u00e4ndliche Burgund \u2013 Wie Kendall Smith-Franchini eine idyllische Kochschule und einen R\u00fcckzugsort im Gem\u00fcsegarten auf dem franz\u00f6sischen Land gr\u00fcndete - Nachrichten - Stra\u00dfenweb","isPartOf":{"@id":"https:\/\/www.strassenweb.de\/nachrichten\/#website"},"primaryImageOfPage":{"@id":"https:\/\/www.strassenweb.de\/nachrichten\/garden-diaries-eine-reise-von-der-wueste-arizonas-ins-laendliche-burgund-wie-kendall-smith-franchini-eine-idyllische-kochschule-und-einen-rueckzugsort-im-gemuesegarten-auf-dem-franzoesische\/#primaryimage"},"image":{"@id":"https:\/\/www.strassenweb.de\/nachrichten\/garden-diaries-eine-reise-von-der-wueste-arizonas-ins-laendliche-burgund-wie-kendall-smith-franchini-eine-idyllische-kochschule-und-einen-rueckzugsort-im-gemuesegarten-auf-dem-franzoesische\/#primaryimage"},"thumbnailUrl":"https:\/\/www.strassenweb.de\/nachrichten\/wp-content\/uploads\/2025\/12\/Garden-Diaries-Eine-Reise-von-der-Wueste-Arizonas-ins-laendliche.png","datePublished":"2025-12-30T14:39:18+00:00","dateModified":"2025-12-30T14:39:22+00:00","breadcrumb":{"@id":"https:\/\/www.strassenweb.de\/nachrichten\/garden-diaries-eine-reise-von-der-wueste-arizonas-ins-laendliche-burgund-wie-kendall-smith-franchini-eine-idyllische-kochschule-und-einen-rueckzugsort-im-gemuesegarten-auf-dem-franzoesische\/#breadcrumb"},"inLanguage":"de","potentialAction":[{"@type":"ReadAction","target":["https:\/\/www.strassenweb.de\/nachrichten\/garden-diaries-eine-reise-von-der-wueste-arizonas-ins-laendliche-burgund-wie-kendall-smith-franchini-eine-idyllische-kochschule-und-einen-rueckzugsort-im-gemuesegarten-auf-dem-franzoesische\/"]}]},{"@type":"ImageObject","inLanguage":"de","@id":"https:\/\/www.strassenweb.de\/nachrichten\/garden-diaries-eine-reise-von-der-wueste-arizonas-ins-laendliche-burgund-wie-kendall-smith-franchini-eine-idyllische-kochschule-und-einen-rueckzugsort-im-gemuesegarten-auf-dem-franzoesische\/#primaryimage","url":"https:\/\/www.strassenweb.de\/nachrichten\/wp-content\/uploads\/2025\/12\/Garden-Diaries-Eine-Reise-von-der-Wueste-Arizonas-ins-laendliche.png","contentUrl":"https:\/\/www.strassenweb.de\/nachrichten\/wp-content\/uploads\/2025\/12\/Garden-Diaries-Eine-Reise-von-der-Wueste-Arizonas-ins-laendliche.png","width":2560,"height":1536,"caption":"Garden Diaries: Eine Reise von der W\u00fcste Arizonas ins l\u00e4ndliche Burgund \u2013 Wie Kendall Smith-Franchini eine idyllische Kochschule und einen R\u00fcckzugsort im Gem\u00fcsegarten auf dem franz\u00f6sischen Land gr\u00fcndete"},{"@type":"BreadcrumbList","@id":"https:\/\/www.strassenweb.de\/nachrichten\/garden-diaries-eine-reise-von-der-wueste-arizonas-ins-laendliche-burgund-wie-kendall-smith-franchini-eine-idyllische-kochschule-und-einen-rueckzugsort-im-gemuesegarten-auf-dem-franzoesische\/#breadcrumb","itemListElement":[{"@type":"ListItem","position":1,"name":"Home","item":"https:\/\/www.strassenweb.de\/nachrichten\/"},{"@type":"ListItem","position":2,"name":"Garden Diaries: Eine Reise von der W\u00fcste Arizonas ins l\u00e4ndliche Burgund \u2013 Wie Kendall Smith-Franchini eine idyllische Kochschule und einen R\u00fcckzugsort im Gem\u00fcsegarten auf dem franz\u00f6sischen Land gr\u00fcndete"}]},{"@type":"WebSite","@id":"https:\/\/www.strassenweb.de\/nachrichten\/#website","url":"https:\/\/www.strassenweb.de\/nachrichten\/","name":"Stra\u00dfenweb","description":"Stra\u00dfenverzeichnis f\u00fcr Deutschland","publisher":{"@id":"https:\/\/www.strassenweb.de\/nachrichten\/#organization"},"potentialAction":[{"@type":"SearchAction","target":{"@type":"EntryPoint","urlTemplate":"https:\/\/www.strassenweb.de\/nachrichten\/?s={search_term_string}"},"query-input":{"@type":"PropertyValueSpecification","valueRequired":true,"valueName":"search_term_string"}}],"inLanguage":"de"},{"@type":"Organization","@id":"https:\/\/www.strassenweb.de\/nachrichten\/#organization","name":"Stra\u00dfenweb","url":"https:\/\/www.strassenweb.de\/nachrichten\/","logo":{"@type":"ImageObject","inLanguage":"de","@id":"https:\/\/www.strassenweb.de\/nachrichten\/#\/schema\/logo\/image\/","url":"https:\/\/www.strassenweb.de\/nachrichten\/wp-content\/uploads\/2024\/09\/cropped-favicon.png","contentUrl":"https:\/\/www.strassenweb.de\/nachrichten\/wp-content\/uploads\/2024\/09\/cropped-favicon.png","width":512,"height":512,"caption":"Stra\u00dfenweb"},"image":{"@id":"https:\/\/www.strassenweb.de\/nachrichten\/#\/schema\/logo\/image\/"},"sameAs":["https:\/\/www.facebook.com\/strassenweb\/"]},{"@type":"Person","@id":"https:\/\/www.strassenweb.de\/nachrichten\/#\/schema\/person\/87c9c9067f1211da429a744dc5a5aa41","name":"Robert Hoffmann","image":{"@type":"ImageObject","inLanguage":"de","@id":"https:\/\/www.strassenweb.de\/nachrichten\/wp-content\/uploads\/2024\/09\/strassenweb-150x150.jpg","url":"https:\/\/www.strassenweb.de\/nachrichten\/wp-content\/uploads\/2024\/09\/strassenweb-150x150.jpg","contentUrl":"https:\/\/www.strassenweb.de\/nachrichten\/wp-content\/uploads\/2024\/09\/strassenweb-150x150.jpg","caption":"Robert Hoffmann"},"description":"Ich hei\u00dfe Robert Hoffmann und ich bin ein leidenschaftlicher Verfechter von \u00d6kologie und Biodiversit\u00e4t. Seit meiner Kindheit in den W\u00e4ldern Bayerns f\u00fchle ich mich mit der Natur verbunden und bin entschlossen, sie zu sch\u00fctzen. Heute widme ich mein Leben der Sensibilisierung anderer f\u00fcr die Bedeutung des Umweltschutzes f\u00fcr zuk\u00fcnftige Generationen.","sameAs":["https:\/\/www.strassenweb.de\/"]}]}},"_links":{"self":[{"href":"https:\/\/www.strassenweb.de\/nachrichten\/wp-json\/wp\/v2\/posts\/10245","targetHints":{"allow":["GET"]}}],"collection":[{"href":"https:\/\/www.strassenweb.de\/nachrichten\/wp-json\/wp\/v2\/posts"}],"about":[{"href":"https:\/\/www.strassenweb.de\/nachrichten\/wp-json\/wp\/v2\/types\/post"}],"author":[{"embeddable":true,"href":"https:\/\/www.strassenweb.de\/nachrichten\/wp-json\/wp\/v2\/users\/1"}],"replies":[{"embeddable":true,"href":"https:\/\/www.strassenweb.de\/nachrichten\/wp-json\/wp\/v2\/comments?post=10245"}],"version-history":[{"count":0,"href":"https:\/\/www.strassenweb.de\/nachrichten\/wp-json\/wp\/v2\/posts\/10245\/revisions"}],"wp:featuredmedia":[{"embeddable":true,"href":"https:\/\/www.strassenweb.de\/nachrichten\/wp-json\/wp\/v2\/media\/10246"}],"wp:attachment":[{"href":"https:\/\/www.strassenweb.de\/nachrichten\/wp-json\/wp\/v2\/media?parent=10245"}],"wp:term":[{"taxonomy":"category","embeddable":true,"href":"https:\/\/www.strassenweb.de\/nachrichten\/wp-json\/wp\/v2\/categories?post=10245"},{"taxonomy":"post_tag","embeddable":true,"href":"https:\/\/www.strassenweb.de\/nachrichten\/wp-json\/wp\/v2\/tags?post=10245"}],"curies":[{"name":"wp","href":"https:\/\/api.w.org\/{rel}","templated":true}]}}