{"id":1006,"date":"2024-10-20T02:52:05","date_gmt":"2024-10-20T00:52:05","guid":{"rendered":"https:\/\/www.strassenweb.de\/nachrichten\/sollte-man-chrysanthemen-im-herbst-abschneiden-deshalb-ist-es-eine-gute-idee-diese-blueten-vor-dem-winter-zurueckzuschneiden\/"},"modified":"2024-10-20T02:52:06","modified_gmt":"2024-10-20T00:52:06","slug":"sollte-man-chrysanthemen-im-herbst-abschneiden-deshalb-ist-es-eine-gute-idee-diese-blueten-vor-dem-winter-zurueckzuschneiden","status":"publish","type":"post","link":"https:\/\/www.strassenweb.de\/nachrichten\/sollte-man-chrysanthemen-im-herbst-abschneiden-deshalb-ist-es-eine-gute-idee-diese-blueten-vor-dem-winter-zurueckzuschneiden\/","title":{"rendered":"Sollte man Chrysanthemen im Herbst abschneiden? Deshalb ist es eine gute Idee, diese Bl\u00fcten vor dem Winter zur\u00fcckzuschneiden"},"content":{"rendered":"<p><\/p>\n<div id=\"article-body\" class=\"article__body \">\n<p>Zu wissen, wann und ob man eine bl\u00fchende Pflanze abschneiden sollte, kann manchmal schwierig zu beurteilen sein, insbesondere wenn es das erste Jahr ist, in dem Sie diese Pflanze in Ihrem Garten anbauen. Chrysanthemen geh\u00f6ren zu den Blumen, bei denen Sie m\u00f6glicherweise nicht genau wissen, wann Sie sie zur\u00fcckschneiden sollten. Dies gilt insbesondere aufgrund der Jahreszeit, in der sie bl\u00fchen.<\/p>\n<div id=\"ad-unit-1\" class=\"ad-unit\"><\/div>\n<p>Wenn Sie diese sch\u00f6nen, kompakten Blumen in Ihrem Garten haben, ist Ihnen vielleicht aufgefallen, dass Chrysanthemen unterschiedlich lange haltbar sind, je nachdem, wann Sie sie anbauen. Dies liegt daran, dass Sie Chrysanthemen vom Sp\u00e4tsommer bis zum Fr\u00fchherbst anbauen k\u00f6nnen, aber auch sp\u00e4tbl\u00fchende Chrysanthemen, die vom Herbst bis zum Winter bl\u00fchen. Dies k\u00f6nnte dazu f\u00fchren, dass Sie sich nicht sicher sind, ob f\u00fcr Chrysanthemen im Herbst ein Abschneiden erforderlich ist.<\/p>\n<aside class=\"hawk-nest\" data-block-type=\"embed\" data-render-type=\"fte\" data-skip=\"dealsy\" data-widget-type=\"seasonal\">\n<div class=\"hawk-master-widget-hawk-base-wrapper\"><\/div>\n<\/aside>\n<p>Hier verraten wir alles \u00fcber abgestorbene Chrysanthemen im Herbst und geben Expertentipps zum richtigen R\u00fcckschnitt dieser Stauden.<\/p>\n<div id=\"desktop-in-article\" class=\"in-article ad-unit\">\n<div id=\"desktop-taboola-mid-article\"><\/div>\n<\/div>\n<div id=\"mobile-in-article\" class=\"in-article ad-unit\">\n<div id=\"mobile-taboola-mid-article\"><\/div>\n<\/div>\n<h3 class=\"article-body__section\" id=\"section-should-you-deadhead-chrysanthemums-in-fall\"><span>Sollte man Chrysanthemen im Herbst abschneiden?<\/span><\/h3>\n<figure class=\"van-image-figure inline-layout \" data-bordeaux-image-check>\n<div class=\"image-full-width-wrapper\">\n<div class=\"image-widthsetter\" style=\"max-width:2400px;\"><\/div>\n<\/div>\n<\/figure>\n<p>Kurz gesagt, ja. Der Herbst ist die richtige Jahreszeit, um Chrysanthemen abzusterben. Dies liegt daran, dass diese Blumen gegen Ende der Saison, vor dem Winter, zu verblassen beginnen und absterben. Wenn Sie sie zu diesem Zeitpunkt zur\u00fcckschneiden, hat dies viele Vorteile f\u00fcr die zuk\u00fcnftige Gesundheit Ihrer Stauden.<\/p>\n<div class=\"van_vid_carousel\">\n<div class=\"van_vid_carousel__padding\">\n<div class=\"van_vid_carousel__container\"><\/div>\n<\/div>\n<\/div>\n<p>\u201eDas Absterben von Chrysanthemen im Herbst f\u00f6rdert neues Wachstum und hilft ihnen, den Winter zu \u00fcberstehen\u201c, erkl\u00e4rt <u>Tammy Sons<\/u>G\u00e4rtner und CEO von TN Nurseries.<\/p>\n<div id=\"ad-unit-2\" class=\"ad-unit\"><\/div>\n<p>Durch das Entfernen verbl\u00fchter Bl\u00fcten wird die Energie der Pflanze auf ihre Wurzeln umgeleitet, anstatt Energie f\u00fcr verblassende Bl\u00fcten zu verschwenden. Es verhindert au\u00dferdem, dass Chrysanthemen Samen bilden, und f\u00f6rdert neues Wachstum f\u00fcr die n\u00e4chste Saison.<\/p>\n<p>\u201eDas Entfernen abgestorbener Bl\u00fcten hilft auch, Krankheiten vorzubeugen\u201c, bemerkt Tammy. Nicht abgestorbene Chrysanthemen k\u00f6nnen das Risiko einer Zersetzung von Stoffen eingehen, die Sch\u00e4dlinge anlocken, die Pflanzen zerst\u00f6ren k\u00f6nnen und die Pflanze anf\u00e4llig f\u00fcr Krankheiten machen.<\/p>\n<p>Das macht die Enthaarung zu einem wichtigen Schritt bei der \u00dcberwinterung von M\u00fcttern, um sie durch die k\u00e4lteste Jahreszeit zu bringen.<\/p>\n<p>Wenn Sie sp\u00e4tbl\u00fchende Chrysanthemen anbauen, sollten Sie nat\u00fcrlich bis zum Sp\u00e4therbst warten, bis die Chrysanthemen abgestorben sind, um sicherzustellen, dass Sie so lange wie m\u00f6glich Freude daran haben. Anzeichen daf\u00fcr, dass es Zeit ist, sie zur\u00fcckzuschneiden, sind welkende und br\u00e4unliche Bl\u00fcten.<\/p>\n<h3 class=\"article-body__section\" id=\"section-how-to-deadhead-chrysanthemums\"><span>Wie man Chrysanthemen entkernt <\/span><\/h3>\n<figure class=\"van-image-figure inline-layout \" data-bordeaux-image-check>\n<div class=\"image-full-width-wrapper\">\n<div class=\"image-widthsetter\" style=\"max-width:2400px;\"><\/div>\n<\/div>\n<\/figure>\n<p>Es ist wichtig, f\u00fcr jede Pflanze das richtige Abschneiden vorzunehmen, damit Sie keine Fehler beim Abschneiden machen, die ihre Gesundheit beeintr\u00e4chtigen k\u00f6nnten. Gl\u00fccklicherweise ist es ziemlich einfach, Chrysanthemen abzusterben.<\/p>\n<p>\u201eSie k\u00f6nnen verbl\u00fchte Bl\u00fcten mit einer sauberen Gartenschere entfernen.\u201c Schneiden Sie etwa f\u00fcnf Zentimeter unterhalb des verbl\u00fchten Bl\u00fctenkopfes zur\u00fcck\u201c, r\u00e4t Tammy. \u201eDadurch wird auch der abgeschnittene St\u00e4ngel durch das Laub verdeckt, sodass die Pflanze ges\u00fcnder aussieht\u201c, bemerkt sie.<\/p>\n<p>Stellen Sie sicher, dass Sie f\u00fcr diese Arbeit scharfe, unverzichtbare Gartenger\u00e4te verwenden, wie zum Beispiel diese Bypass-Gartenschere von Amazon. Nat\u00fcrlich gibt es noch eine Reihe anderer wichtiger Schnittwerkzeuge, die Sie verwenden k\u00f6nnen, wie zum Beispiel diese Gartenschere von Amazon. Sch\u00e4rfen Sie in jedem Fall Ihre Gartenschere vor dem Gebrauch, wenn sie stumpf geworden ist und nicht mehr so \u200b\u200bsaubere Schnitte macht wie fr\u00fcher.<\/p>\n<h3 class=\"article-body__section\" id=\"section-faqs\"><span>FAQs<\/span><\/h3>\n<h2 id=\"do-you-need-to-overwinter-chrysanthemums-3\">M\u00fcssen Chrysanthemen \u00fcberwintert werden?<\/h2>\n<p>Es ist ratsam, Ihre Chrysanthemen auf die k\u00e4lteste Jahreszeit vorzubereiten. In der US-Winterh\u00e4rtezone f\u00fcnf bis acht k\u00f6nnen Chrysanthemen k\u00e4ltere Temperaturen vertragen und es ist nicht immer wichtig, M\u00fctter in Beh\u00e4ltern zu \u00fcberwintern.<\/p>\n<p>Es empfiehlt sich jedoch, sie nach der Bl\u00fcte zur\u00fcckzuschneiden und zu mulchen, um ihre Wurzeln zu isolieren. Am besten pr\u00fcfen Sie die spezifischen Anforderungen der Sorte, die Sie anbauen, und handeln entsprechend.<\/p>\n<hr>\n<p>Abgestorbene Chrysanthemen im Herbst helfen diesen Stauden, den Winter zu \u00fcberstehen und in der n\u00e4chsten Saison wieder zu bl\u00fchen. Wenn Sie im Fr\u00fchling neue Triebe sprie\u00dfen sehen, nutzen Sie die Gelegenheit, Chrysanthemen zu vermehren. Dies kann entweder durch Teilung oder durch Stecklinge erfolgen.<\/p>\n<\/div>\n","protected":false},"excerpt":{"rendered":"<p>Zu wissen, wann und ob man eine bl\u00fchende Pflanze abschneiden sollte, kann manchmal schwierig zu beurteilen sein, insbesondere wenn es das erste Jahr ist, in<\/p>\n","protected":false},"author":1,"featured_media":1007,"comment_status":"closed","ping_status":"","sticky":false,"template":"","format":"standard","meta":{"footnotes":""},"categories":[118],"tags":[1961,1201,1960,91,613,143,74,1962,203,1937,15,134,62,524,204,1963],"class_list":["post-1006","post","type-post","status-publish","format-standard","has-post-thumbnail","hentry","category-haus-garten","tag-abschneiden","tag-blueten","tag-chrysanthemen","tag-dem","tag-deshalb","tag-diese","tag-eine","tag-gute","tag-herbst","tag-idee","tag-ist","tag-man","tag-sollte","tag-vor","tag-winter","tag-zurueckzuschneiden","generate-columns","tablet-grid-50","mobile-grid-100","grid-parent","grid-50"],"yoast_head":"<!-- This site is optimized with the Yoast SEO plugin v27.3 - https:\/\/yoast.com\/product\/yoast-seo-wordpress\/ -->\n<title>Sollte man Chrysanthemen im Herbst abschneiden? Deshalb ist es eine gute Idee, diese Bl\u00fcten vor dem Winter zur\u00fcckzuschneiden - Nachrichten - Stra\u00dfenweb<\/title>\n<meta name=\"robots\" content=\"index, follow, max-snippet:-1, max-image-preview:large, max-video-preview:-1\" \/>\n<link rel=\"canonical\" href=\"https:\/\/www.strassenweb.de\/nachrichten\/sollte-man-chrysanthemen-im-herbst-abschneiden-deshalb-ist-es-eine-gute-idee-diese-blueten-vor-dem-winter-zurueckzuschneiden\/\" \/>\n<meta property=\"og:locale\" content=\"de_DE\" \/>\n<meta property=\"og:type\" content=\"article\" \/>\n<meta property=\"og:title\" content=\"Sollte man Chrysanthemen im Herbst abschneiden? Deshalb ist es eine gute Idee, diese Bl\u00fcten vor dem Winter zur\u00fcckzuschneiden - Nachrichten - Stra\u00dfenweb\" \/>\n<meta property=\"og:description\" content=\"Zu wissen, wann und ob man eine bl\u00fchende Pflanze abschneiden sollte, kann manchmal schwierig zu beurteilen sein, insbesondere wenn es das erste Jahr ist, in\" \/>\n<meta property=\"og:url\" content=\"https:\/\/www.strassenweb.de\/nachrichten\/sollte-man-chrysanthemen-im-herbst-abschneiden-deshalb-ist-es-eine-gute-idee-diese-blueten-vor-dem-winter-zurueckzuschneiden\/\" \/>\n<meta property=\"og:site_name\" content=\"Stra\u00dfenweb\" \/>\n<meta property=\"article:publisher\" content=\"https:\/\/www.facebook.com\/strassenweb\/\" \/>\n<meta property=\"article:published_time\" content=\"2024-10-20T00:52:05+00:00\" \/>\n<meta property=\"article:modified_time\" content=\"2024-10-20T00:52:06+00:00\" \/>\n<meta property=\"og:image\" content=\"https:\/\/www.strassenweb.de\/nachrichten\/wp-content\/uploads\/2024\/10\/Sollte-man-Chrysanthemen-im-Herbst-abschneiden-Deshalb-ist-es-eine.jpg\" \/>\n\t<meta property=\"og:image:width\" content=\"1200\" \/>\n\t<meta property=\"og:image:height\" content=\"675\" \/>\n\t<meta property=\"og:image:type\" content=\"image\/jpeg\" \/>\n<meta name=\"author\" content=\"Robert Hoffmann\" \/>\n<meta name=\"twitter:card\" content=\"summary_large_image\" \/>\n<meta name=\"twitter:label1\" content=\"Verfasst von\" \/>\n\t<meta name=\"twitter:data1\" content=\"Robert Hoffmann\" \/>\n\t<meta name=\"twitter:label2\" content=\"Gesch\u00e4tzte Lesezeit\" \/>\n\t<meta name=\"twitter:data2\" content=\"3\u00a0Minuten\" \/>\n<script type=\"application\/ld+json\" class=\"yoast-schema-graph\">{\"@context\":\"https:\\\/\\\/schema.org\",\"@graph\":[{\"@type\":\"Article\",\"@id\":\"https:\\\/\\\/www.strassenweb.de\\\/nachrichten\\\/sollte-man-chrysanthemen-im-herbst-abschneiden-deshalb-ist-es-eine-gute-idee-diese-blueten-vor-dem-winter-zurueckzuschneiden\\\/#article\",\"isPartOf\":{\"@id\":\"https:\\\/\\\/www.strassenweb.de\\\/nachrichten\\\/sollte-man-chrysanthemen-im-herbst-abschneiden-deshalb-ist-es-eine-gute-idee-diese-blueten-vor-dem-winter-zurueckzuschneiden\\\/\"},\"author\":{\"name\":\"Robert Hoffmann\",\"@id\":\"https:\\\/\\\/www.strassenweb.de\\\/nachrichten\\\/#\\\/schema\\\/person\\\/87c9c9067f1211da429a744dc5a5aa41\"},\"headline\":\"Sollte man Chrysanthemen im Herbst abschneiden? Deshalb ist es eine gute Idee, diese Bl\u00fcten vor dem Winter zur\u00fcckzuschneiden\",\"datePublished\":\"2024-10-20T00:52:05+00:00\",\"dateModified\":\"2024-10-20T00:52:06+00:00\",\"mainEntityOfPage\":{\"@id\":\"https:\\\/\\\/www.strassenweb.de\\\/nachrichten\\\/sollte-man-chrysanthemen-im-herbst-abschneiden-deshalb-ist-es-eine-gute-idee-diese-blueten-vor-dem-winter-zurueckzuschneiden\\\/\"},\"wordCount\":705,\"publisher\":{\"@id\":\"https:\\\/\\\/www.strassenweb.de\\\/nachrichten\\\/#organization\"},\"image\":{\"@id\":\"https:\\\/\\\/www.strassenweb.de\\\/nachrichten\\\/sollte-man-chrysanthemen-im-herbst-abschneiden-deshalb-ist-es-eine-gute-idee-diese-blueten-vor-dem-winter-zurueckzuschneiden\\\/#primaryimage\"},\"thumbnailUrl\":\"https:\\\/\\\/www.strassenweb.de\\\/nachrichten\\\/wp-content\\\/uploads\\\/2024\\\/10\\\/Sollte-man-Chrysanthemen-im-Herbst-abschneiden-Deshalb-ist-es-eine.jpg\",\"keywords\":[\"abschneiden\",\"Bl\u00fcten\",\"Chrysanthemen\",\"dem\",\"deshalb\",\"diese\",\"eine\",\"gute\",\"Herbst\",\"Idee\",\"ist\",\"man\",\"Sollte\",\"vor\",\"Winter\",\"zur\u00fcckzuschneiden\"],\"articleSection\":[\"Haus &amp; Garten\"],\"inLanguage\":\"de\"},{\"@type\":\"WebPage\",\"@id\":\"https:\\\/\\\/www.strassenweb.de\\\/nachrichten\\\/sollte-man-chrysanthemen-im-herbst-abschneiden-deshalb-ist-es-eine-gute-idee-diese-blueten-vor-dem-winter-zurueckzuschneiden\\\/\",\"url\":\"https:\\\/\\\/www.strassenweb.de\\\/nachrichten\\\/sollte-man-chrysanthemen-im-herbst-abschneiden-deshalb-ist-es-eine-gute-idee-diese-blueten-vor-dem-winter-zurueckzuschneiden\\\/\",\"name\":\"Sollte man Chrysanthemen im Herbst abschneiden? Deshalb ist es eine gute Idee, diese Bl\u00fcten vor dem Winter zur\u00fcckzuschneiden - Nachrichten - Stra\u00dfenweb\",\"isPartOf\":{\"@id\":\"https:\\\/\\\/www.strassenweb.de\\\/nachrichten\\\/#website\"},\"primaryImageOfPage\":{\"@id\":\"https:\\\/\\\/www.strassenweb.de\\\/nachrichten\\\/sollte-man-chrysanthemen-im-herbst-abschneiden-deshalb-ist-es-eine-gute-idee-diese-blueten-vor-dem-winter-zurueckzuschneiden\\\/#primaryimage\"},\"image\":{\"@id\":\"https:\\\/\\\/www.strassenweb.de\\\/nachrichten\\\/sollte-man-chrysanthemen-im-herbst-abschneiden-deshalb-ist-es-eine-gute-idee-diese-blueten-vor-dem-winter-zurueckzuschneiden\\\/#primaryimage\"},\"thumbnailUrl\":\"https:\\\/\\\/www.strassenweb.de\\\/nachrichten\\\/wp-content\\\/uploads\\\/2024\\\/10\\\/Sollte-man-Chrysanthemen-im-Herbst-abschneiden-Deshalb-ist-es-eine.jpg\",\"datePublished\":\"2024-10-20T00:52:05+00:00\",\"dateModified\":\"2024-10-20T00:52:06+00:00\",\"breadcrumb\":{\"@id\":\"https:\\\/\\\/www.strassenweb.de\\\/nachrichten\\\/sollte-man-chrysanthemen-im-herbst-abschneiden-deshalb-ist-es-eine-gute-idee-diese-blueten-vor-dem-winter-zurueckzuschneiden\\\/#breadcrumb\"},\"inLanguage\":\"de\",\"potentialAction\":[{\"@type\":\"ReadAction\",\"target\":[\"https:\\\/\\\/www.strassenweb.de\\\/nachrichten\\\/sollte-man-chrysanthemen-im-herbst-abschneiden-deshalb-ist-es-eine-gute-idee-diese-blueten-vor-dem-winter-zurueckzuschneiden\\\/\"]}]},{\"@type\":\"ImageObject\",\"inLanguage\":\"de\",\"@id\":\"https:\\\/\\\/www.strassenweb.de\\\/nachrichten\\\/sollte-man-chrysanthemen-im-herbst-abschneiden-deshalb-ist-es-eine-gute-idee-diese-blueten-vor-dem-winter-zurueckzuschneiden\\\/#primaryimage\",\"url\":\"https:\\\/\\\/www.strassenweb.de\\\/nachrichten\\\/wp-content\\\/uploads\\\/2024\\\/10\\\/Sollte-man-Chrysanthemen-im-Herbst-abschneiden-Deshalb-ist-es-eine.jpg\",\"contentUrl\":\"https:\\\/\\\/www.strassenweb.de\\\/nachrichten\\\/wp-content\\\/uploads\\\/2024\\\/10\\\/Sollte-man-Chrysanthemen-im-Herbst-abschneiden-Deshalb-ist-es-eine.jpg\",\"width\":1200,\"height\":675,\"caption\":\"Sollte man Chrysanthemen im Herbst abschneiden? Deshalb ist es eine gute Idee, diese Bl\u00fcten vor dem Winter zur\u00fcckzuschneiden\"},{\"@type\":\"BreadcrumbList\",\"@id\":\"https:\\\/\\\/www.strassenweb.de\\\/nachrichten\\\/sollte-man-chrysanthemen-im-herbst-abschneiden-deshalb-ist-es-eine-gute-idee-diese-blueten-vor-dem-winter-zurueckzuschneiden\\\/#breadcrumb\",\"itemListElement\":[{\"@type\":\"ListItem\",\"position\":1,\"name\":\"Home\",\"item\":\"https:\\\/\\\/www.strassenweb.de\\\/nachrichten\\\/\"},{\"@type\":\"ListItem\",\"position\":2,\"name\":\"Sollte man Chrysanthemen im Herbst abschneiden? Deshalb ist es eine gute Idee, diese Bl\u00fcten vor dem Winter zur\u00fcckzuschneiden\"}]},{\"@type\":\"WebSite\",\"@id\":\"https:\\\/\\\/www.strassenweb.de\\\/nachrichten\\\/#website\",\"url\":\"https:\\\/\\\/www.strassenweb.de\\\/nachrichten\\\/\",\"name\":\"Stra\u00dfenweb\",\"description\":\"Stra\u00dfenverzeichnis f\u00fcr Deutschland\",\"publisher\":{\"@id\":\"https:\\\/\\\/www.strassenweb.de\\\/nachrichten\\\/#organization\"},\"potentialAction\":[{\"@type\":\"SearchAction\",\"target\":{\"@type\":\"EntryPoint\",\"urlTemplate\":\"https:\\\/\\\/www.strassenweb.de\\\/nachrichten\\\/?s={search_term_string}\"},\"query-input\":{\"@type\":\"PropertyValueSpecification\",\"valueRequired\":true,\"valueName\":\"search_term_string\"}}],\"inLanguage\":\"de\"},{\"@type\":\"Organization\",\"@id\":\"https:\\\/\\\/www.strassenweb.de\\\/nachrichten\\\/#organization\",\"name\":\"Stra\u00dfenweb\",\"url\":\"https:\\\/\\\/www.strassenweb.de\\\/nachrichten\\\/\",\"logo\":{\"@type\":\"ImageObject\",\"inLanguage\":\"de\",\"@id\":\"https:\\\/\\\/www.strassenweb.de\\\/nachrichten\\\/#\\\/schema\\\/logo\\\/image\\\/\",\"url\":\"https:\\\/\\\/www.strassenweb.de\\\/nachrichten\\\/wp-content\\\/uploads\\\/2024\\\/09\\\/cropped-favicon.png\",\"contentUrl\":\"https:\\\/\\\/www.strassenweb.de\\\/nachrichten\\\/wp-content\\\/uploads\\\/2024\\\/09\\\/cropped-favicon.png\",\"width\":512,\"height\":512,\"caption\":\"Stra\u00dfenweb\"},\"image\":{\"@id\":\"https:\\\/\\\/www.strassenweb.de\\\/nachrichten\\\/#\\\/schema\\\/logo\\\/image\\\/\"},\"sameAs\":[\"https:\\\/\\\/www.facebook.com\\\/strassenweb\\\/\"]},{\"@type\":\"Person\",\"@id\":\"https:\\\/\\\/www.strassenweb.de\\\/nachrichten\\\/#\\\/schema\\\/person\\\/87c9c9067f1211da429a744dc5a5aa41\",\"name\":\"Robert Hoffmann\",\"image\":{\"@type\":\"ImageObject\",\"inLanguage\":\"de\",\"@id\":\"https:\\\/\\\/www.strassenweb.de\\\/nachrichten\\\/wp-content\\\/uploads\\\/2024\\\/09\\\/strassenweb-150x150.jpg\",\"url\":\"https:\\\/\\\/www.strassenweb.de\\\/nachrichten\\\/wp-content\\\/uploads\\\/2024\\\/09\\\/strassenweb-150x150.jpg\",\"contentUrl\":\"https:\\\/\\\/www.strassenweb.de\\\/nachrichten\\\/wp-content\\\/uploads\\\/2024\\\/09\\\/strassenweb-150x150.jpg\",\"caption\":\"Robert Hoffmann\"},\"description\":\"Ich hei\u00dfe Robert Hoffmann und ich bin ein leidenschaftlicher Verfechter von \u00d6kologie und Biodiversit\u00e4t. Seit meiner Kindheit in den W\u00e4ldern Bayerns f\u00fchle ich mich mit der Natur verbunden und bin entschlossen, sie zu sch\u00fctzen. Heute widme ich mein Leben der Sensibilisierung anderer f\u00fcr die Bedeutung des Umweltschutzes f\u00fcr zuk\u00fcnftige Generationen.\",\"sameAs\":[\"https:\\\/\\\/www.strassenweb.de\\\/\"]}]}<\/script>\n<!-- \/ Yoast SEO plugin. -->","yoast_head_json":{"title":"Sollte man Chrysanthemen im Herbst abschneiden? Deshalb ist es eine gute Idee, diese Bl\u00fcten vor dem Winter zur\u00fcckzuschneiden - Nachrichten - Stra\u00dfenweb","robots":{"index":"index","follow":"follow","max-snippet":"max-snippet:-1","max-image-preview":"max-image-preview:large","max-video-preview":"max-video-preview:-1"},"canonical":"https:\/\/www.strassenweb.de\/nachrichten\/sollte-man-chrysanthemen-im-herbst-abschneiden-deshalb-ist-es-eine-gute-idee-diese-blueten-vor-dem-winter-zurueckzuschneiden\/","og_locale":"de_DE","og_type":"article","og_title":"Sollte man Chrysanthemen im Herbst abschneiden? Deshalb ist es eine gute Idee, diese Bl\u00fcten vor dem Winter zur\u00fcckzuschneiden - Nachrichten - Stra\u00dfenweb","og_description":"Zu wissen, wann und ob man eine bl\u00fchende Pflanze abschneiden sollte, kann manchmal schwierig zu beurteilen sein, insbesondere wenn es das erste Jahr ist, in","og_url":"https:\/\/www.strassenweb.de\/nachrichten\/sollte-man-chrysanthemen-im-herbst-abschneiden-deshalb-ist-es-eine-gute-idee-diese-blueten-vor-dem-winter-zurueckzuschneiden\/","og_site_name":"Stra\u00dfenweb","article_publisher":"https:\/\/www.facebook.com\/strassenweb\/","article_published_time":"2024-10-20T00:52:05+00:00","article_modified_time":"2024-10-20T00:52:06+00:00","og_image":[{"width":1200,"height":675,"url":"https:\/\/www.strassenweb.de\/nachrichten\/wp-content\/uploads\/2024\/10\/Sollte-man-Chrysanthemen-im-Herbst-abschneiden-Deshalb-ist-es-eine.jpg","type":"image\/jpeg"}],"author":"Robert Hoffmann","twitter_card":"summary_large_image","twitter_misc":{"Verfasst von":"Robert Hoffmann","Gesch\u00e4tzte Lesezeit":"3\u00a0Minuten"},"schema":{"@context":"https:\/\/schema.org","@graph":[{"@type":"Article","@id":"https:\/\/www.strassenweb.de\/nachrichten\/sollte-man-chrysanthemen-im-herbst-abschneiden-deshalb-ist-es-eine-gute-idee-diese-blueten-vor-dem-winter-zurueckzuschneiden\/#article","isPartOf":{"@id":"https:\/\/www.strassenweb.de\/nachrichten\/sollte-man-chrysanthemen-im-herbst-abschneiden-deshalb-ist-es-eine-gute-idee-diese-blueten-vor-dem-winter-zurueckzuschneiden\/"},"author":{"name":"Robert Hoffmann","@id":"https:\/\/www.strassenweb.de\/nachrichten\/#\/schema\/person\/87c9c9067f1211da429a744dc5a5aa41"},"headline":"Sollte man Chrysanthemen im Herbst abschneiden? Deshalb ist es eine gute Idee, diese Bl\u00fcten vor dem Winter zur\u00fcckzuschneiden","datePublished":"2024-10-20T00:52:05+00:00","dateModified":"2024-10-20T00:52:06+00:00","mainEntityOfPage":{"@id":"https:\/\/www.strassenweb.de\/nachrichten\/sollte-man-chrysanthemen-im-herbst-abschneiden-deshalb-ist-es-eine-gute-idee-diese-blueten-vor-dem-winter-zurueckzuschneiden\/"},"wordCount":705,"publisher":{"@id":"https:\/\/www.strassenweb.de\/nachrichten\/#organization"},"image":{"@id":"https:\/\/www.strassenweb.de\/nachrichten\/sollte-man-chrysanthemen-im-herbst-abschneiden-deshalb-ist-es-eine-gute-idee-diese-blueten-vor-dem-winter-zurueckzuschneiden\/#primaryimage"},"thumbnailUrl":"https:\/\/www.strassenweb.de\/nachrichten\/wp-content\/uploads\/2024\/10\/Sollte-man-Chrysanthemen-im-Herbst-abschneiden-Deshalb-ist-es-eine.jpg","keywords":["abschneiden","Bl\u00fcten","Chrysanthemen","dem","deshalb","diese","eine","gute","Herbst","Idee","ist","man","Sollte","vor","Winter","zur\u00fcckzuschneiden"],"articleSection":["Haus &amp; Garten"],"inLanguage":"de"},{"@type":"WebPage","@id":"https:\/\/www.strassenweb.de\/nachrichten\/sollte-man-chrysanthemen-im-herbst-abschneiden-deshalb-ist-es-eine-gute-idee-diese-blueten-vor-dem-winter-zurueckzuschneiden\/","url":"https:\/\/www.strassenweb.de\/nachrichten\/sollte-man-chrysanthemen-im-herbst-abschneiden-deshalb-ist-es-eine-gute-idee-diese-blueten-vor-dem-winter-zurueckzuschneiden\/","name":"Sollte man Chrysanthemen im Herbst abschneiden? Deshalb ist es eine gute Idee, diese Bl\u00fcten vor dem Winter zur\u00fcckzuschneiden - Nachrichten - Stra\u00dfenweb","isPartOf":{"@id":"https:\/\/www.strassenweb.de\/nachrichten\/#website"},"primaryImageOfPage":{"@id":"https:\/\/www.strassenweb.de\/nachrichten\/sollte-man-chrysanthemen-im-herbst-abschneiden-deshalb-ist-es-eine-gute-idee-diese-blueten-vor-dem-winter-zurueckzuschneiden\/#primaryimage"},"image":{"@id":"https:\/\/www.strassenweb.de\/nachrichten\/sollte-man-chrysanthemen-im-herbst-abschneiden-deshalb-ist-es-eine-gute-idee-diese-blueten-vor-dem-winter-zurueckzuschneiden\/#primaryimage"},"thumbnailUrl":"https:\/\/www.strassenweb.de\/nachrichten\/wp-content\/uploads\/2024\/10\/Sollte-man-Chrysanthemen-im-Herbst-abschneiden-Deshalb-ist-es-eine.jpg","datePublished":"2024-10-20T00:52:05+00:00","dateModified":"2024-10-20T00:52:06+00:00","breadcrumb":{"@id":"https:\/\/www.strassenweb.de\/nachrichten\/sollte-man-chrysanthemen-im-herbst-abschneiden-deshalb-ist-es-eine-gute-idee-diese-blueten-vor-dem-winter-zurueckzuschneiden\/#breadcrumb"},"inLanguage":"de","potentialAction":[{"@type":"ReadAction","target":["https:\/\/www.strassenweb.de\/nachrichten\/sollte-man-chrysanthemen-im-herbst-abschneiden-deshalb-ist-es-eine-gute-idee-diese-blueten-vor-dem-winter-zurueckzuschneiden\/"]}]},{"@type":"ImageObject","inLanguage":"de","@id":"https:\/\/www.strassenweb.de\/nachrichten\/sollte-man-chrysanthemen-im-herbst-abschneiden-deshalb-ist-es-eine-gute-idee-diese-blueten-vor-dem-winter-zurueckzuschneiden\/#primaryimage","url":"https:\/\/www.strassenweb.de\/nachrichten\/wp-content\/uploads\/2024\/10\/Sollte-man-Chrysanthemen-im-Herbst-abschneiden-Deshalb-ist-es-eine.jpg","contentUrl":"https:\/\/www.strassenweb.de\/nachrichten\/wp-content\/uploads\/2024\/10\/Sollte-man-Chrysanthemen-im-Herbst-abschneiden-Deshalb-ist-es-eine.jpg","width":1200,"height":675,"caption":"Sollte man Chrysanthemen im Herbst abschneiden? Deshalb ist es eine gute Idee, diese Bl\u00fcten vor dem Winter zur\u00fcckzuschneiden"},{"@type":"BreadcrumbList","@id":"https:\/\/www.strassenweb.de\/nachrichten\/sollte-man-chrysanthemen-im-herbst-abschneiden-deshalb-ist-es-eine-gute-idee-diese-blueten-vor-dem-winter-zurueckzuschneiden\/#breadcrumb","itemListElement":[{"@type":"ListItem","position":1,"name":"Home","item":"https:\/\/www.strassenweb.de\/nachrichten\/"},{"@type":"ListItem","position":2,"name":"Sollte man Chrysanthemen im Herbst abschneiden? Deshalb ist es eine gute Idee, diese Bl\u00fcten vor dem Winter zur\u00fcckzuschneiden"}]},{"@type":"WebSite","@id":"https:\/\/www.strassenweb.de\/nachrichten\/#website","url":"https:\/\/www.strassenweb.de\/nachrichten\/","name":"Stra\u00dfenweb","description":"Stra\u00dfenverzeichnis f\u00fcr Deutschland","publisher":{"@id":"https:\/\/www.strassenweb.de\/nachrichten\/#organization"},"potentialAction":[{"@type":"SearchAction","target":{"@type":"EntryPoint","urlTemplate":"https:\/\/www.strassenweb.de\/nachrichten\/?s={search_term_string}"},"query-input":{"@type":"PropertyValueSpecification","valueRequired":true,"valueName":"search_term_string"}}],"inLanguage":"de"},{"@type":"Organization","@id":"https:\/\/www.strassenweb.de\/nachrichten\/#organization","name":"Stra\u00dfenweb","url":"https:\/\/www.strassenweb.de\/nachrichten\/","logo":{"@type":"ImageObject","inLanguage":"de","@id":"https:\/\/www.strassenweb.de\/nachrichten\/#\/schema\/logo\/image\/","url":"https:\/\/www.strassenweb.de\/nachrichten\/wp-content\/uploads\/2024\/09\/cropped-favicon.png","contentUrl":"https:\/\/www.strassenweb.de\/nachrichten\/wp-content\/uploads\/2024\/09\/cropped-favicon.png","width":512,"height":512,"caption":"Stra\u00dfenweb"},"image":{"@id":"https:\/\/www.strassenweb.de\/nachrichten\/#\/schema\/logo\/image\/"},"sameAs":["https:\/\/www.facebook.com\/strassenweb\/"]},{"@type":"Person","@id":"https:\/\/www.strassenweb.de\/nachrichten\/#\/schema\/person\/87c9c9067f1211da429a744dc5a5aa41","name":"Robert Hoffmann","image":{"@type":"ImageObject","inLanguage":"de","@id":"https:\/\/www.strassenweb.de\/nachrichten\/wp-content\/uploads\/2024\/09\/strassenweb-150x150.jpg","url":"https:\/\/www.strassenweb.de\/nachrichten\/wp-content\/uploads\/2024\/09\/strassenweb-150x150.jpg","contentUrl":"https:\/\/www.strassenweb.de\/nachrichten\/wp-content\/uploads\/2024\/09\/strassenweb-150x150.jpg","caption":"Robert Hoffmann"},"description":"Ich hei\u00dfe Robert Hoffmann und ich bin ein leidenschaftlicher Verfechter von \u00d6kologie und Biodiversit\u00e4t. Seit meiner Kindheit in den W\u00e4ldern Bayerns f\u00fchle ich mich mit der Natur verbunden und bin entschlossen, sie zu sch\u00fctzen. Heute widme ich mein Leben der Sensibilisierung anderer f\u00fcr die Bedeutung des Umweltschutzes f\u00fcr zuk\u00fcnftige Generationen.","sameAs":["https:\/\/www.strassenweb.de\/"]}]}},"_links":{"self":[{"href":"https:\/\/www.strassenweb.de\/nachrichten\/wp-json\/wp\/v2\/posts\/1006","targetHints":{"allow":["GET"]}}],"collection":[{"href":"https:\/\/www.strassenweb.de\/nachrichten\/wp-json\/wp\/v2\/posts"}],"about":[{"href":"https:\/\/www.strassenweb.de\/nachrichten\/wp-json\/wp\/v2\/types\/post"}],"author":[{"embeddable":true,"href":"https:\/\/www.strassenweb.de\/nachrichten\/wp-json\/wp\/v2\/users\/1"}],"replies":[{"embeddable":true,"href":"https:\/\/www.strassenweb.de\/nachrichten\/wp-json\/wp\/v2\/comments?post=1006"}],"version-history":[{"count":0,"href":"https:\/\/www.strassenweb.de\/nachrichten\/wp-json\/wp\/v2\/posts\/1006\/revisions"}],"wp:featuredmedia":[{"embeddable":true,"href":"https:\/\/www.strassenweb.de\/nachrichten\/wp-json\/wp\/v2\/media\/1007"}],"wp:attachment":[{"href":"https:\/\/www.strassenweb.de\/nachrichten\/wp-json\/wp\/v2\/media?parent=1006"}],"wp:term":[{"taxonomy":"category","embeddable":true,"href":"https:\/\/www.strassenweb.de\/nachrichten\/wp-json\/wp\/v2\/categories?post=1006"},{"taxonomy":"post_tag","embeddable":true,"href":"https:\/\/www.strassenweb.de\/nachrichten\/wp-json\/wp\/v2\/tags?post=1006"}],"curies":[{"name":"wp","href":"https:\/\/api.w.org\/{rel}","templated":true}]}}