{"id":1003,"date":"2024-10-19T22:49:42","date_gmt":"2024-10-19T20:49:42","guid":{"rendered":"https:\/\/www.strassenweb.de\/nachrichten\/liv-tylers-unorthodoxe-schaufensterdekoration-ist-auffaellig-und-mutig-sie-hat-mich-dazu-gebracht-darueber-nachzudenken-wie-ich-meine-fensterbaenke-mit-accessoires-ausstatten-soll\/"},"modified":"2024-10-19T22:49:43","modified_gmt":"2024-10-19T20:49:43","slug":"liv-tylers-unorthodoxe-schaufensterdekoration-ist-auffaellig-und-mutig-sie-hat-mich-dazu-gebracht-darueber-nachzudenken-wie-ich-meine-fensterbaenke-mit-accessoires-ausstatten-soll","status":"publish","type":"post","link":"https:\/\/www.strassenweb.de\/nachrichten\/liv-tylers-unorthodoxe-schaufensterdekoration-ist-auffaellig-und-mutig-sie-hat-mich-dazu-gebracht-darueber-nachzudenken-wie-ich-meine-fensterbaenke-mit-accessoires-ausstatten-soll\/","title":{"rendered":"Liv Tylers unorthodoxe Schaufensterdekoration ist auff\u00e4llig und mutig \u2013 sie hat mich dazu gebracht, dar\u00fcber nachzudenken, wie ich meine Fensterb\u00e4nke mit Accessoires ausstatten soll"},"content":{"rendered":"<p><\/p>\n<div id=\"article-body\" class=\"article__body \">\n<p>F\u00fcr viele dienen Fenster im Haus als Tr\u00e4ger, um Kunstwerke, Gr\u00fcnpflanzen oder sogar liebgewonnene Kleinigkeiten zur Schau zu stellen. Manche ziehen es sogar vor, mit einer Skulptur ein mutiges Statement zu setzen. Liv Tyler geh\u00f6rt zur letzteren Gruppe und hat k\u00fcrzlich ein Foto ihres blaugr\u00fcn gestrichenen Fensters geteilt, auf dem eine Steinstatue einer Frau in perfekter Sicht sitzt.<\/p>\n<div id=\"ad-unit-1\" class=\"ad-unit\"><\/div>\n<p>Obwohl diese Kunstauswahl sicherlich ein Blickfang ist, regt sie uns zum Nachdenken \u00fcber die vielen verschiedenen M\u00f6glichkeiten an, unsere Fensterb\u00e4nke zu dekorieren und wie wir andere Fensterdekorationstrends umsetzen k\u00f6nnen.<\/p>\n<aside class=\"hawk-nest\" data-block-type=\"embed\" data-render-type=\"fte\" data-skip=\"dealsy\" data-widget-type=\"seasonal\">\n<div class=\"hawk-master-widget-hawk-base-wrapper\"><\/div>\n<\/aside>\n<p>Laut Experten ist die Platzierung von Dekor in einem Fenster eine fantastische M\u00f6glichkeit, Gegenst\u00e4nde sicher aufzubewahren und gleichzeitig einen Blickfang in einem gew\u00fcnschten Bereich des Hauses (z. B. dem Wohn- oder Esszimmer) zu schaffen.<\/p>\n<div id=\"desktop-in-article\" class=\"in-article ad-unit\">\n<div id=\"desktop-taboola-mid-article\"><\/div>\n<\/div>\n<div id=\"mobile-in-article\" class=\"in-article ad-unit\">\n<div id=\"mobile-taboola-mid-article\"><\/div>\n<\/div>\n<p>\u201eBei sorgf\u00e4ltiger Auswahl k\u00f6nnen auf einer Fensterbank ausgestellte Objekte sowohl als dekorative als auch funktionale Elemente dienen, visuelle Reize erzeugen und das Gesamtambiente eines Raumes verbessern\u201c, sagt Designerin Nina Lichtenstein. \u201eStatuen, Pflanzen und andere sorgf\u00e4ltig ausgew\u00e4hlte Gegenst\u00e4nde erwecken einen oft \u00fcbersehenen Raum zum Leben, indem sie das nat\u00fcrliche Licht optimal nutzen und gleichzeitig die Aufmerksamkeit auf das Fenster als architektonisches Merkmal lenken.\u201c<\/p>\n<div class=\"van_vid_carousel\">\n<div class=\"van_vid_carousel__padding\">\n<div class=\"van_vid_carousel__container\"><\/div>\n<\/div>\n<\/div>\n<div class=\"instagram-embed\">\n<blockquote class=\"instagram-media\" data-instgrm-captioned data-instgrm-version=\"6\" style=\"width:99.375%; width:-webkit-calc(100% - 2px); width:calc(100% - 2px);\">\n<p>Ein von Liv Tyler (@misslivalittle) geteilter Beitrag<\/p>\n<p>Ein Foto gepostet von am <\/p>\n<\/blockquote>\n<\/div>\n<p>Da Fenster auf nat\u00fcrliche Weise Licht in ein Haus leiten, kann die Platzierung eines Objekts in der Reichweite der Sonne die visuelle Wirkung und die Abmessungen einer Fensterbank noch verst\u00e4rken, sagt Lichtenstein.<\/p>\n<div id=\"ad-unit-2\" class=\"ad-unit\"><\/div>\n<p>\u201eDas Ausstellen von Statuen oder kleinen skulpturalen Objekten auf einer Fensterbank verleiht einem Raum Tiefe und Struktur und bietet eine k\u00fcnstlerische Ausdrucksebene, die sich mit dem wechselnden Licht im Laufe des Tages ver\u00e4ndert\u201c, erkl\u00e4rt sie. \u201eDiese St\u00fccke k\u00f6nnen eine Aussicht auf subtile Weise einrahmen oder als Blickfang fungieren, wenn die Vorh\u00e4nge zugezogen sind, und so einen Moment der Sch\u00f6nheit schaffen, den man sowohl von innen als auch von au\u00dfen erleben kann.\u201c \u201eArtikel wie Pflanzen oder kleine dekorative Steinschalen gedeihen beispielsweise im nat\u00fcrlichen Licht und f\u00fcgen Gr\u00fcn oder organische Elemente hinzu, die dazu beitragen, die Grenze zwischen drinnen und drau\u00dfen zu verwischen.\u201c<\/p>\n<p>Durch das Hinzuf\u00fcgen von Gegenst\u00e4nden mit reflektierender oder gl\u00e4nzender Oberfl\u00e4che kann dieser Effekt st\u00e4rker genutzt werden, selbst wenn es sich lediglich um einen metallischen Topf f\u00fcr Ihre Pflanze handelt.<\/p>\n<div id=\"slice-container-newsletterForm-articleInbodyContent-UaxjHPr52HVRnJd59zioy7\" class=\"slice-container newsletter-inbodyContent-slice newsletterForm-articleInbodyContent-UaxjHPr52HVRnJd59zioy7 slice-container-newsletterForm\"><\/div>\n<p>Laut Lichtenstein kann eine alternative Methode zur Pr\u00e4sentation von Gegenst\u00e4nden in einem Fenster f\u00fcr diejenigen von Vorteil sein, die tats\u00e4chlich die Sicht auf den Rest eines Raums versperren m\u00f6chten.<\/p>\n<p>\u201eDar\u00fcber hinaus kann die Platzierung von Objekten in einem Fenster die Schlichtheit von Glasscheiben mildern und dem Raum gleichzeitig eine pers\u00f6nlichere und intimere Atmosph\u00e4re verleihen\u201c, erkl\u00e4rt sie. \u201eOb es sich um eine Sammlung von Vintage-Glasflaschen, kleine Vasen mit frischen oder getrockneten Blumen oder sogar Kerzen handelt, die das Tageslicht einfangen, die von Ihnen ausgew\u00e4hlten Artikel k\u00f6nnen W\u00e4rme, Struktur und ein Gef\u00fchl der Verbundenheit mit der Naturwelt verleihen.\u201c \u201eIn H\u00e4usern, in denen die Privatsph\u00e4re ein Anliegen ist, k\u00f6nnen diese Objekte dazu beitragen, den Blick von au\u00dfen zu verdecken, ohne auf Licht zu verzichten oder auf schwere Fenstervorh\u00e4nge zur\u00fcckzugreifen.\u201c<\/p>\n<p>Nachfolgend finden Sie einige fensterfertige Accessoires, die sich perfekt zur Akzentuierung jedes Fensterbretts eignen.<\/p>\n<div class=\"product-container hero-product-container product-block-no-wrap\"><\/div>\n<hr>\n<\/div>\n<p><script async src=\"\/\/www.instagram.com\/embed.js\"><\/script><\/p>\n","protected":false},"excerpt":{"rendered":"<p>F\u00fcr viele dienen Fenster im Haus als Tr\u00e4ger, um Kunstwerke, Gr\u00fcnpflanzen oder sogar liebgewonnene Kleinigkeiten zur Schau zu stellen. Manche ziehen es sogar vor, mit<\/p>\n","protected":false},"author":1,"featured_media":1004,"comment_status":"closed","ping_status":"","sticky":false,"template":"","format":"standard","meta":{"footnotes":""},"categories":[118],"tags":[1958,1954,1959,249,803,1957,1955,189,129,15,1951,1054,1122,146,1751,1956,1953,165,1439,1952,37,187,26],"class_list":["post-1003","post","type-post","status-publish","format-standard","has-post-thumbnail","hentry","category-haus-garten","tag-accessoires","tag-auffaellig","tag-ausstatten","tag-darueber","tag-dazu","tag-fensterbaenke","tag-gebracht","tag-hat","tag-ich","tag-ist","tag-liv","tag-meine","tag-mich","tag-mit","tag-mutig","tag-nachzudenken","tag-schaufensterdekoration","tag-sie","tag-soll","tag-tylers","tag-und","tag-unorthodoxe","tag-wie","generate-columns","tablet-grid-50","mobile-grid-100","grid-parent","grid-50"],"yoast_head":"<!-- This site is optimized with the Yoast SEO plugin v27.3 - https:\/\/yoast.com\/product\/yoast-seo-wordpress\/ -->\n<title>Liv Tylers unorthodoxe Schaufensterdekoration ist auff\u00e4llig und mutig \u2013 sie hat mich dazu gebracht, dar\u00fcber nachzudenken, wie ich meine Fensterb\u00e4nke mit Accessoires ausstatten soll - Nachrichten - Stra\u00dfenweb<\/title>\n<meta name=\"robots\" content=\"index, follow, max-snippet:-1, max-image-preview:large, max-video-preview:-1\" \/>\n<link rel=\"canonical\" href=\"https:\/\/www.strassenweb.de\/nachrichten\/liv-tylers-unorthodoxe-schaufensterdekoration-ist-auffaellig-und-mutig-sie-hat-mich-dazu-gebracht-darueber-nachzudenken-wie-ich-meine-fensterbaenke-mit-accessoires-ausstatten-soll\/\" \/>\n<meta property=\"og:locale\" content=\"de_DE\" \/>\n<meta property=\"og:type\" content=\"article\" \/>\n<meta property=\"og:title\" content=\"Liv Tylers unorthodoxe Schaufensterdekoration ist auff\u00e4llig und mutig \u2013 sie hat mich dazu gebracht, dar\u00fcber nachzudenken, wie ich meine Fensterb\u00e4nke mit Accessoires ausstatten soll - Nachrichten - Stra\u00dfenweb\" \/>\n<meta property=\"og:description\" content=\"F\u00fcr viele dienen Fenster im Haus als Tr\u00e4ger, um Kunstwerke, Gr\u00fcnpflanzen oder sogar liebgewonnene Kleinigkeiten zur Schau zu stellen. Manche ziehen es sogar vor, mit\" \/>\n<meta property=\"og:url\" content=\"https:\/\/www.strassenweb.de\/nachrichten\/liv-tylers-unorthodoxe-schaufensterdekoration-ist-auffaellig-und-mutig-sie-hat-mich-dazu-gebracht-darueber-nachzudenken-wie-ich-meine-fensterbaenke-mit-accessoires-ausstatten-soll\/\" \/>\n<meta property=\"og:site_name\" content=\"Stra\u00dfenweb\" \/>\n<meta property=\"article:publisher\" content=\"https:\/\/www.facebook.com\/strassenweb\/\" \/>\n<meta property=\"article:published_time\" content=\"2024-10-19T20:49:42+00:00\" \/>\n<meta property=\"article:modified_time\" content=\"2024-10-19T20:49:43+00:00\" \/>\n<meta property=\"og:image\" content=\"https:\/\/www.strassenweb.de\/nachrichten\/wp-content\/uploads\/2024\/10\/Liv-Tylers-unorthodoxe-Schaufensterdekoration-ist-auffaellig-und-mutig-\u2013-sie.jpg\" \/>\n\t<meta property=\"og:image:width\" content=\"1200\" \/>\n\t<meta property=\"og:image:height\" content=\"675\" \/>\n\t<meta property=\"og:image:type\" content=\"image\/jpeg\" \/>\n<meta name=\"author\" content=\"Robert Hoffmann\" \/>\n<meta name=\"twitter:card\" content=\"summary_large_image\" \/>\n<meta name=\"twitter:label1\" content=\"Verfasst von\" \/>\n\t<meta name=\"twitter:data1\" content=\"Robert Hoffmann\" \/>\n\t<meta name=\"twitter:label2\" content=\"Gesch\u00e4tzte Lesezeit\" \/>\n\t<meta name=\"twitter:data2\" content=\"3\u00a0Minuten\" \/>\n<script type=\"application\/ld+json\" class=\"yoast-schema-graph\">{\"@context\":\"https:\\\/\\\/schema.org\",\"@graph\":[{\"@type\":\"Article\",\"@id\":\"https:\\\/\\\/www.strassenweb.de\\\/nachrichten\\\/liv-tylers-unorthodoxe-schaufensterdekoration-ist-auffaellig-und-mutig-sie-hat-mich-dazu-gebracht-darueber-nachzudenken-wie-ich-meine-fensterbaenke-mit-accessoires-ausstatten-soll\\\/#article\",\"isPartOf\":{\"@id\":\"https:\\\/\\\/www.strassenweb.de\\\/nachrichten\\\/liv-tylers-unorthodoxe-schaufensterdekoration-ist-auffaellig-und-mutig-sie-hat-mich-dazu-gebracht-darueber-nachzudenken-wie-ich-meine-fensterbaenke-mit-accessoires-ausstatten-soll\\\/\"},\"author\":{\"name\":\"Robert Hoffmann\",\"@id\":\"https:\\\/\\\/www.strassenweb.de\\\/nachrichten\\\/#\\\/schema\\\/person\\\/87c9c9067f1211da429a744dc5a5aa41\"},\"headline\":\"Liv Tylers unorthodoxe Schaufensterdekoration ist auff\u00e4llig und mutig \u2013 sie hat mich dazu gebracht, dar\u00fcber nachzudenken, wie ich meine Fensterb\u00e4nke mit Accessoires ausstatten soll\",\"datePublished\":\"2024-10-19T20:49:42+00:00\",\"dateModified\":\"2024-10-19T20:49:43+00:00\",\"mainEntityOfPage\":{\"@id\":\"https:\\\/\\\/www.strassenweb.de\\\/nachrichten\\\/liv-tylers-unorthodoxe-schaufensterdekoration-ist-auffaellig-und-mutig-sie-hat-mich-dazu-gebracht-darueber-nachzudenken-wie-ich-meine-fensterbaenke-mit-accessoires-ausstatten-soll\\\/\"},\"wordCount\":580,\"publisher\":{\"@id\":\"https:\\\/\\\/www.strassenweb.de\\\/nachrichten\\\/#organization\"},\"image\":{\"@id\":\"https:\\\/\\\/www.strassenweb.de\\\/nachrichten\\\/liv-tylers-unorthodoxe-schaufensterdekoration-ist-auffaellig-und-mutig-sie-hat-mich-dazu-gebracht-darueber-nachzudenken-wie-ich-meine-fensterbaenke-mit-accessoires-ausstatten-soll\\\/#primaryimage\"},\"thumbnailUrl\":\"https:\\\/\\\/www.strassenweb.de\\\/nachrichten\\\/wp-content\\\/uploads\\\/2024\\\/10\\\/Liv-Tylers-unorthodoxe-Schaufensterdekoration-ist-auffaellig-und-mutig-\u2013-sie.jpg\",\"keywords\":[\"Accessoires\",\"auff\u00e4llig\",\"ausstatten\",\"dar\u00fcber\",\"dazu\",\"Fensterb\u00e4nke\",\"gebracht\",\"hat\",\"ich\",\"ist\",\"Liv\",\"meine\",\"mich\",\"mit\",\"mutig\",\"nachzudenken\",\"Schaufensterdekoration\",\"Sie\",\"soll\",\"Tylers\",\"und\",\"unorthodoxe\",\"Wie\"],\"articleSection\":[\"Haus &amp; Garten\"],\"inLanguage\":\"de\"},{\"@type\":\"WebPage\",\"@id\":\"https:\\\/\\\/www.strassenweb.de\\\/nachrichten\\\/liv-tylers-unorthodoxe-schaufensterdekoration-ist-auffaellig-und-mutig-sie-hat-mich-dazu-gebracht-darueber-nachzudenken-wie-ich-meine-fensterbaenke-mit-accessoires-ausstatten-soll\\\/\",\"url\":\"https:\\\/\\\/www.strassenweb.de\\\/nachrichten\\\/liv-tylers-unorthodoxe-schaufensterdekoration-ist-auffaellig-und-mutig-sie-hat-mich-dazu-gebracht-darueber-nachzudenken-wie-ich-meine-fensterbaenke-mit-accessoires-ausstatten-soll\\\/\",\"name\":\"Liv Tylers unorthodoxe Schaufensterdekoration ist auff\u00e4llig und mutig \u2013 sie hat mich dazu gebracht, dar\u00fcber nachzudenken, wie ich meine Fensterb\u00e4nke mit Accessoires ausstatten soll - Nachrichten - Stra\u00dfenweb\",\"isPartOf\":{\"@id\":\"https:\\\/\\\/www.strassenweb.de\\\/nachrichten\\\/#website\"},\"primaryImageOfPage\":{\"@id\":\"https:\\\/\\\/www.strassenweb.de\\\/nachrichten\\\/liv-tylers-unorthodoxe-schaufensterdekoration-ist-auffaellig-und-mutig-sie-hat-mich-dazu-gebracht-darueber-nachzudenken-wie-ich-meine-fensterbaenke-mit-accessoires-ausstatten-soll\\\/#primaryimage\"},\"image\":{\"@id\":\"https:\\\/\\\/www.strassenweb.de\\\/nachrichten\\\/liv-tylers-unorthodoxe-schaufensterdekoration-ist-auffaellig-und-mutig-sie-hat-mich-dazu-gebracht-darueber-nachzudenken-wie-ich-meine-fensterbaenke-mit-accessoires-ausstatten-soll\\\/#primaryimage\"},\"thumbnailUrl\":\"https:\\\/\\\/www.strassenweb.de\\\/nachrichten\\\/wp-content\\\/uploads\\\/2024\\\/10\\\/Liv-Tylers-unorthodoxe-Schaufensterdekoration-ist-auffaellig-und-mutig-\u2013-sie.jpg\",\"datePublished\":\"2024-10-19T20:49:42+00:00\",\"dateModified\":\"2024-10-19T20:49:43+00:00\",\"breadcrumb\":{\"@id\":\"https:\\\/\\\/www.strassenweb.de\\\/nachrichten\\\/liv-tylers-unorthodoxe-schaufensterdekoration-ist-auffaellig-und-mutig-sie-hat-mich-dazu-gebracht-darueber-nachzudenken-wie-ich-meine-fensterbaenke-mit-accessoires-ausstatten-soll\\\/#breadcrumb\"},\"inLanguage\":\"de\",\"potentialAction\":[{\"@type\":\"ReadAction\",\"target\":[\"https:\\\/\\\/www.strassenweb.de\\\/nachrichten\\\/liv-tylers-unorthodoxe-schaufensterdekoration-ist-auffaellig-und-mutig-sie-hat-mich-dazu-gebracht-darueber-nachzudenken-wie-ich-meine-fensterbaenke-mit-accessoires-ausstatten-soll\\\/\"]}]},{\"@type\":\"ImageObject\",\"inLanguage\":\"de\",\"@id\":\"https:\\\/\\\/www.strassenweb.de\\\/nachrichten\\\/liv-tylers-unorthodoxe-schaufensterdekoration-ist-auffaellig-und-mutig-sie-hat-mich-dazu-gebracht-darueber-nachzudenken-wie-ich-meine-fensterbaenke-mit-accessoires-ausstatten-soll\\\/#primaryimage\",\"url\":\"https:\\\/\\\/www.strassenweb.de\\\/nachrichten\\\/wp-content\\\/uploads\\\/2024\\\/10\\\/Liv-Tylers-unorthodoxe-Schaufensterdekoration-ist-auffaellig-und-mutig-\u2013-sie.jpg\",\"contentUrl\":\"https:\\\/\\\/www.strassenweb.de\\\/nachrichten\\\/wp-content\\\/uploads\\\/2024\\\/10\\\/Liv-Tylers-unorthodoxe-Schaufensterdekoration-ist-auffaellig-und-mutig-\u2013-sie.jpg\",\"width\":1200,\"height\":675,\"caption\":\"Liv Tylers unorthodoxe Schaufensterdekoration ist auff\u00e4llig und mutig \u2013 sie hat mich dazu gebracht, dar\u00fcber nachzudenken, wie ich meine Fensterb\u00e4nke mit Accessoires ausstatten soll\"},{\"@type\":\"BreadcrumbList\",\"@id\":\"https:\\\/\\\/www.strassenweb.de\\\/nachrichten\\\/liv-tylers-unorthodoxe-schaufensterdekoration-ist-auffaellig-und-mutig-sie-hat-mich-dazu-gebracht-darueber-nachzudenken-wie-ich-meine-fensterbaenke-mit-accessoires-ausstatten-soll\\\/#breadcrumb\",\"itemListElement\":[{\"@type\":\"ListItem\",\"position\":1,\"name\":\"Home\",\"item\":\"https:\\\/\\\/www.strassenweb.de\\\/nachrichten\\\/\"},{\"@type\":\"ListItem\",\"position\":2,\"name\":\"Liv Tylers unorthodoxe Schaufensterdekoration ist auff\u00e4llig und mutig \u2013 sie hat mich dazu gebracht, dar\u00fcber nachzudenken, wie ich meine Fensterb\u00e4nke mit Accessoires ausstatten soll\"}]},{\"@type\":\"WebSite\",\"@id\":\"https:\\\/\\\/www.strassenweb.de\\\/nachrichten\\\/#website\",\"url\":\"https:\\\/\\\/www.strassenweb.de\\\/nachrichten\\\/\",\"name\":\"Stra\u00dfenweb\",\"description\":\"Stra\u00dfenverzeichnis f\u00fcr Deutschland\",\"publisher\":{\"@id\":\"https:\\\/\\\/www.strassenweb.de\\\/nachrichten\\\/#organization\"},\"potentialAction\":[{\"@type\":\"SearchAction\",\"target\":{\"@type\":\"EntryPoint\",\"urlTemplate\":\"https:\\\/\\\/www.strassenweb.de\\\/nachrichten\\\/?s={search_term_string}\"},\"query-input\":{\"@type\":\"PropertyValueSpecification\",\"valueRequired\":true,\"valueName\":\"search_term_string\"}}],\"inLanguage\":\"de\"},{\"@type\":\"Organization\",\"@id\":\"https:\\\/\\\/www.strassenweb.de\\\/nachrichten\\\/#organization\",\"name\":\"Stra\u00dfenweb\",\"url\":\"https:\\\/\\\/www.strassenweb.de\\\/nachrichten\\\/\",\"logo\":{\"@type\":\"ImageObject\",\"inLanguage\":\"de\",\"@id\":\"https:\\\/\\\/www.strassenweb.de\\\/nachrichten\\\/#\\\/schema\\\/logo\\\/image\\\/\",\"url\":\"https:\\\/\\\/www.strassenweb.de\\\/nachrichten\\\/wp-content\\\/uploads\\\/2024\\\/09\\\/cropped-favicon.png\",\"contentUrl\":\"https:\\\/\\\/www.strassenweb.de\\\/nachrichten\\\/wp-content\\\/uploads\\\/2024\\\/09\\\/cropped-favicon.png\",\"width\":512,\"height\":512,\"caption\":\"Stra\u00dfenweb\"},\"image\":{\"@id\":\"https:\\\/\\\/www.strassenweb.de\\\/nachrichten\\\/#\\\/schema\\\/logo\\\/image\\\/\"},\"sameAs\":[\"https:\\\/\\\/www.facebook.com\\\/strassenweb\\\/\"]},{\"@type\":\"Person\",\"@id\":\"https:\\\/\\\/www.strassenweb.de\\\/nachrichten\\\/#\\\/schema\\\/person\\\/87c9c9067f1211da429a744dc5a5aa41\",\"name\":\"Robert Hoffmann\",\"image\":{\"@type\":\"ImageObject\",\"inLanguage\":\"de\",\"@id\":\"https:\\\/\\\/www.strassenweb.de\\\/nachrichten\\\/wp-content\\\/uploads\\\/2024\\\/09\\\/strassenweb-150x150.jpg\",\"url\":\"https:\\\/\\\/www.strassenweb.de\\\/nachrichten\\\/wp-content\\\/uploads\\\/2024\\\/09\\\/strassenweb-150x150.jpg\",\"contentUrl\":\"https:\\\/\\\/www.strassenweb.de\\\/nachrichten\\\/wp-content\\\/uploads\\\/2024\\\/09\\\/strassenweb-150x150.jpg\",\"caption\":\"Robert Hoffmann\"},\"description\":\"Ich hei\u00dfe Robert Hoffmann und ich bin ein leidenschaftlicher Verfechter von \u00d6kologie und Biodiversit\u00e4t. Seit meiner Kindheit in den W\u00e4ldern Bayerns f\u00fchle ich mich mit der Natur verbunden und bin entschlossen, sie zu sch\u00fctzen. Heute widme ich mein Leben der Sensibilisierung anderer f\u00fcr die Bedeutung des Umweltschutzes f\u00fcr zuk\u00fcnftige Generationen.\",\"sameAs\":[\"https:\\\/\\\/www.strassenweb.de\\\/\"]}]}<\/script>\n<!-- \/ Yoast SEO plugin. -->","yoast_head_json":{"title":"Liv Tylers unorthodoxe Schaufensterdekoration ist auff\u00e4llig und mutig \u2013 sie hat mich dazu gebracht, dar\u00fcber nachzudenken, wie ich meine Fensterb\u00e4nke mit Accessoires ausstatten soll - Nachrichten - Stra\u00dfenweb","robots":{"index":"index","follow":"follow","max-snippet":"max-snippet:-1","max-image-preview":"max-image-preview:large","max-video-preview":"max-video-preview:-1"},"canonical":"https:\/\/www.strassenweb.de\/nachrichten\/liv-tylers-unorthodoxe-schaufensterdekoration-ist-auffaellig-und-mutig-sie-hat-mich-dazu-gebracht-darueber-nachzudenken-wie-ich-meine-fensterbaenke-mit-accessoires-ausstatten-soll\/","og_locale":"de_DE","og_type":"article","og_title":"Liv Tylers unorthodoxe Schaufensterdekoration ist auff\u00e4llig und mutig \u2013 sie hat mich dazu gebracht, dar\u00fcber nachzudenken, wie ich meine Fensterb\u00e4nke mit Accessoires ausstatten soll - Nachrichten - Stra\u00dfenweb","og_description":"F\u00fcr viele dienen Fenster im Haus als Tr\u00e4ger, um Kunstwerke, Gr\u00fcnpflanzen oder sogar liebgewonnene Kleinigkeiten zur Schau zu stellen. Manche ziehen es sogar vor, mit","og_url":"https:\/\/www.strassenweb.de\/nachrichten\/liv-tylers-unorthodoxe-schaufensterdekoration-ist-auffaellig-und-mutig-sie-hat-mich-dazu-gebracht-darueber-nachzudenken-wie-ich-meine-fensterbaenke-mit-accessoires-ausstatten-soll\/","og_site_name":"Stra\u00dfenweb","article_publisher":"https:\/\/www.facebook.com\/strassenweb\/","article_published_time":"2024-10-19T20:49:42+00:00","article_modified_time":"2024-10-19T20:49:43+00:00","og_image":[{"width":1200,"height":675,"url":"https:\/\/www.strassenweb.de\/nachrichten\/wp-content\/uploads\/2024\/10\/Liv-Tylers-unorthodoxe-Schaufensterdekoration-ist-auffaellig-und-mutig-\u2013-sie.jpg","type":"image\/jpeg"}],"author":"Robert Hoffmann","twitter_card":"summary_large_image","twitter_misc":{"Verfasst von":"Robert Hoffmann","Gesch\u00e4tzte Lesezeit":"3\u00a0Minuten"},"schema":{"@context":"https:\/\/schema.org","@graph":[{"@type":"Article","@id":"https:\/\/www.strassenweb.de\/nachrichten\/liv-tylers-unorthodoxe-schaufensterdekoration-ist-auffaellig-und-mutig-sie-hat-mich-dazu-gebracht-darueber-nachzudenken-wie-ich-meine-fensterbaenke-mit-accessoires-ausstatten-soll\/#article","isPartOf":{"@id":"https:\/\/www.strassenweb.de\/nachrichten\/liv-tylers-unorthodoxe-schaufensterdekoration-ist-auffaellig-und-mutig-sie-hat-mich-dazu-gebracht-darueber-nachzudenken-wie-ich-meine-fensterbaenke-mit-accessoires-ausstatten-soll\/"},"author":{"name":"Robert Hoffmann","@id":"https:\/\/www.strassenweb.de\/nachrichten\/#\/schema\/person\/87c9c9067f1211da429a744dc5a5aa41"},"headline":"Liv Tylers unorthodoxe Schaufensterdekoration ist auff\u00e4llig und mutig \u2013 sie hat mich dazu gebracht, dar\u00fcber nachzudenken, wie ich meine Fensterb\u00e4nke mit Accessoires ausstatten soll","datePublished":"2024-10-19T20:49:42+00:00","dateModified":"2024-10-19T20:49:43+00:00","mainEntityOfPage":{"@id":"https:\/\/www.strassenweb.de\/nachrichten\/liv-tylers-unorthodoxe-schaufensterdekoration-ist-auffaellig-und-mutig-sie-hat-mich-dazu-gebracht-darueber-nachzudenken-wie-ich-meine-fensterbaenke-mit-accessoires-ausstatten-soll\/"},"wordCount":580,"publisher":{"@id":"https:\/\/www.strassenweb.de\/nachrichten\/#organization"},"image":{"@id":"https:\/\/www.strassenweb.de\/nachrichten\/liv-tylers-unorthodoxe-schaufensterdekoration-ist-auffaellig-und-mutig-sie-hat-mich-dazu-gebracht-darueber-nachzudenken-wie-ich-meine-fensterbaenke-mit-accessoires-ausstatten-soll\/#primaryimage"},"thumbnailUrl":"https:\/\/www.strassenweb.de\/nachrichten\/wp-content\/uploads\/2024\/10\/Liv-Tylers-unorthodoxe-Schaufensterdekoration-ist-auffaellig-und-mutig-\u2013-sie.jpg","keywords":["Accessoires","auff\u00e4llig","ausstatten","dar\u00fcber","dazu","Fensterb\u00e4nke","gebracht","hat","ich","ist","Liv","meine","mich","mit","mutig","nachzudenken","Schaufensterdekoration","Sie","soll","Tylers","und","unorthodoxe","Wie"],"articleSection":["Haus &amp; Garten"],"inLanguage":"de"},{"@type":"WebPage","@id":"https:\/\/www.strassenweb.de\/nachrichten\/liv-tylers-unorthodoxe-schaufensterdekoration-ist-auffaellig-und-mutig-sie-hat-mich-dazu-gebracht-darueber-nachzudenken-wie-ich-meine-fensterbaenke-mit-accessoires-ausstatten-soll\/","url":"https:\/\/www.strassenweb.de\/nachrichten\/liv-tylers-unorthodoxe-schaufensterdekoration-ist-auffaellig-und-mutig-sie-hat-mich-dazu-gebracht-darueber-nachzudenken-wie-ich-meine-fensterbaenke-mit-accessoires-ausstatten-soll\/","name":"Liv Tylers unorthodoxe Schaufensterdekoration ist auff\u00e4llig und mutig \u2013 sie hat mich dazu gebracht, dar\u00fcber nachzudenken, wie ich meine Fensterb\u00e4nke mit Accessoires ausstatten soll - Nachrichten - Stra\u00dfenweb","isPartOf":{"@id":"https:\/\/www.strassenweb.de\/nachrichten\/#website"},"primaryImageOfPage":{"@id":"https:\/\/www.strassenweb.de\/nachrichten\/liv-tylers-unorthodoxe-schaufensterdekoration-ist-auffaellig-und-mutig-sie-hat-mich-dazu-gebracht-darueber-nachzudenken-wie-ich-meine-fensterbaenke-mit-accessoires-ausstatten-soll\/#primaryimage"},"image":{"@id":"https:\/\/www.strassenweb.de\/nachrichten\/liv-tylers-unorthodoxe-schaufensterdekoration-ist-auffaellig-und-mutig-sie-hat-mich-dazu-gebracht-darueber-nachzudenken-wie-ich-meine-fensterbaenke-mit-accessoires-ausstatten-soll\/#primaryimage"},"thumbnailUrl":"https:\/\/www.strassenweb.de\/nachrichten\/wp-content\/uploads\/2024\/10\/Liv-Tylers-unorthodoxe-Schaufensterdekoration-ist-auffaellig-und-mutig-\u2013-sie.jpg","datePublished":"2024-10-19T20:49:42+00:00","dateModified":"2024-10-19T20:49:43+00:00","breadcrumb":{"@id":"https:\/\/www.strassenweb.de\/nachrichten\/liv-tylers-unorthodoxe-schaufensterdekoration-ist-auffaellig-und-mutig-sie-hat-mich-dazu-gebracht-darueber-nachzudenken-wie-ich-meine-fensterbaenke-mit-accessoires-ausstatten-soll\/#breadcrumb"},"inLanguage":"de","potentialAction":[{"@type":"ReadAction","target":["https:\/\/www.strassenweb.de\/nachrichten\/liv-tylers-unorthodoxe-schaufensterdekoration-ist-auffaellig-und-mutig-sie-hat-mich-dazu-gebracht-darueber-nachzudenken-wie-ich-meine-fensterbaenke-mit-accessoires-ausstatten-soll\/"]}]},{"@type":"ImageObject","inLanguage":"de","@id":"https:\/\/www.strassenweb.de\/nachrichten\/liv-tylers-unorthodoxe-schaufensterdekoration-ist-auffaellig-und-mutig-sie-hat-mich-dazu-gebracht-darueber-nachzudenken-wie-ich-meine-fensterbaenke-mit-accessoires-ausstatten-soll\/#primaryimage","url":"https:\/\/www.strassenweb.de\/nachrichten\/wp-content\/uploads\/2024\/10\/Liv-Tylers-unorthodoxe-Schaufensterdekoration-ist-auffaellig-und-mutig-\u2013-sie.jpg","contentUrl":"https:\/\/www.strassenweb.de\/nachrichten\/wp-content\/uploads\/2024\/10\/Liv-Tylers-unorthodoxe-Schaufensterdekoration-ist-auffaellig-und-mutig-\u2013-sie.jpg","width":1200,"height":675,"caption":"Liv Tylers unorthodoxe Schaufensterdekoration ist auff\u00e4llig und mutig \u2013 sie hat mich dazu gebracht, dar\u00fcber nachzudenken, wie ich meine Fensterb\u00e4nke mit Accessoires ausstatten soll"},{"@type":"BreadcrumbList","@id":"https:\/\/www.strassenweb.de\/nachrichten\/liv-tylers-unorthodoxe-schaufensterdekoration-ist-auffaellig-und-mutig-sie-hat-mich-dazu-gebracht-darueber-nachzudenken-wie-ich-meine-fensterbaenke-mit-accessoires-ausstatten-soll\/#breadcrumb","itemListElement":[{"@type":"ListItem","position":1,"name":"Home","item":"https:\/\/www.strassenweb.de\/nachrichten\/"},{"@type":"ListItem","position":2,"name":"Liv Tylers unorthodoxe Schaufensterdekoration ist auff\u00e4llig und mutig \u2013 sie hat mich dazu gebracht, dar\u00fcber nachzudenken, wie ich meine Fensterb\u00e4nke mit Accessoires ausstatten soll"}]},{"@type":"WebSite","@id":"https:\/\/www.strassenweb.de\/nachrichten\/#website","url":"https:\/\/www.strassenweb.de\/nachrichten\/","name":"Stra\u00dfenweb","description":"Stra\u00dfenverzeichnis f\u00fcr Deutschland","publisher":{"@id":"https:\/\/www.strassenweb.de\/nachrichten\/#organization"},"potentialAction":[{"@type":"SearchAction","target":{"@type":"EntryPoint","urlTemplate":"https:\/\/www.strassenweb.de\/nachrichten\/?s={search_term_string}"},"query-input":{"@type":"PropertyValueSpecification","valueRequired":true,"valueName":"search_term_string"}}],"inLanguage":"de"},{"@type":"Organization","@id":"https:\/\/www.strassenweb.de\/nachrichten\/#organization","name":"Stra\u00dfenweb","url":"https:\/\/www.strassenweb.de\/nachrichten\/","logo":{"@type":"ImageObject","inLanguage":"de","@id":"https:\/\/www.strassenweb.de\/nachrichten\/#\/schema\/logo\/image\/","url":"https:\/\/www.strassenweb.de\/nachrichten\/wp-content\/uploads\/2024\/09\/cropped-favicon.png","contentUrl":"https:\/\/www.strassenweb.de\/nachrichten\/wp-content\/uploads\/2024\/09\/cropped-favicon.png","width":512,"height":512,"caption":"Stra\u00dfenweb"},"image":{"@id":"https:\/\/www.strassenweb.de\/nachrichten\/#\/schema\/logo\/image\/"},"sameAs":["https:\/\/www.facebook.com\/strassenweb\/"]},{"@type":"Person","@id":"https:\/\/www.strassenweb.de\/nachrichten\/#\/schema\/person\/87c9c9067f1211da429a744dc5a5aa41","name":"Robert Hoffmann","image":{"@type":"ImageObject","inLanguage":"de","@id":"https:\/\/www.strassenweb.de\/nachrichten\/wp-content\/uploads\/2024\/09\/strassenweb-150x150.jpg","url":"https:\/\/www.strassenweb.de\/nachrichten\/wp-content\/uploads\/2024\/09\/strassenweb-150x150.jpg","contentUrl":"https:\/\/www.strassenweb.de\/nachrichten\/wp-content\/uploads\/2024\/09\/strassenweb-150x150.jpg","caption":"Robert Hoffmann"},"description":"Ich hei\u00dfe Robert Hoffmann und ich bin ein leidenschaftlicher Verfechter von \u00d6kologie und Biodiversit\u00e4t. Seit meiner Kindheit in den W\u00e4ldern Bayerns f\u00fchle ich mich mit der Natur verbunden und bin entschlossen, sie zu sch\u00fctzen. Heute widme ich mein Leben der Sensibilisierung anderer f\u00fcr die Bedeutung des Umweltschutzes f\u00fcr zuk\u00fcnftige Generationen.","sameAs":["https:\/\/www.strassenweb.de\/"]}]}},"_links":{"self":[{"href":"https:\/\/www.strassenweb.de\/nachrichten\/wp-json\/wp\/v2\/posts\/1003","targetHints":{"allow":["GET"]}}],"collection":[{"href":"https:\/\/www.strassenweb.de\/nachrichten\/wp-json\/wp\/v2\/posts"}],"about":[{"href":"https:\/\/www.strassenweb.de\/nachrichten\/wp-json\/wp\/v2\/types\/post"}],"author":[{"embeddable":true,"href":"https:\/\/www.strassenweb.de\/nachrichten\/wp-json\/wp\/v2\/users\/1"}],"replies":[{"embeddable":true,"href":"https:\/\/www.strassenweb.de\/nachrichten\/wp-json\/wp\/v2\/comments?post=1003"}],"version-history":[{"count":0,"href":"https:\/\/www.strassenweb.de\/nachrichten\/wp-json\/wp\/v2\/posts\/1003\/revisions"}],"wp:featuredmedia":[{"embeddable":true,"href":"https:\/\/www.strassenweb.de\/nachrichten\/wp-json\/wp\/v2\/media\/1004"}],"wp:attachment":[{"href":"https:\/\/www.strassenweb.de\/nachrichten\/wp-json\/wp\/v2\/media?parent=1003"}],"wp:term":[{"taxonomy":"category","embeddable":true,"href":"https:\/\/www.strassenweb.de\/nachrichten\/wp-json\/wp\/v2\/categories?post=1003"},{"taxonomy":"post_tag","embeddable":true,"href":"https:\/\/www.strassenweb.de\/nachrichten\/wp-json\/wp\/v2\/tags?post=1003"}],"curies":[{"name":"wp","href":"https:\/\/api.w.org\/{rel}","templated":true}]}}